{"id":801,"date":"2018-01-23T12:57:16","date_gmt":"2018-01-23T11:57:16","guid":{"rendered":"https:\/\/www.seairlandshots.com\/?p=801"},"modified":"2018-02-26T19:09:37","modified_gmt":"2018-02-26T18:09:37","slug":"quarantacinque-e-duecentocinquantamila","status":"publish","type":"post","link":"https:\/\/www.seairlandshots.com\/index.php\/2018\/01\/23\/quarantacinque-e-duecentocinquantamila\/","title":{"rendered":"Quarantacinque e duecentocinquantamila."},"content":{"rendered":"<p>&nbsp;<\/p>\n<div class=\"box shadow  \"><div class=\"box-inner-block\"><i class=\"fa tie-shortcode-boxicon\"><\/i>\n\t\t\tTesto di Alessandro Palantrani<\/p>\n<p>Foto di Alessandro Palantrani ,Guglielmo Guglielmi ,Piergiuseppe Malizia e AM\n\t\t\t<\/div><\/div>\n<p><a href=\"https:\/\/www.seairlandshots.com\/wp-content\/uploads\/2018\/01\/home-5.jpg\"><img loading=\"lazy\" decoding=\"async\" class=\"aligncenter size-full wp-image-814\" src=\"https:\/\/www.seairlandshots.com\/wp-content\/uploads\/2018\/01\/home-5.jpg\" alt=\"\" width=\"1024\" height=\"683\" srcset=\"https:\/\/www.seairlandshots.com\/wp-content\/uploads\/2018\/01\/home-5.jpg 1024w, https:\/\/www.seairlandshots.com\/wp-content\/uploads\/2018\/01\/home-5-300x200.jpg 300w, https:\/\/www.seairlandshots.com\/wp-content\/uploads\/2018\/01\/home-5-768x512.jpg 768w\" sizes=\"auto, (max-width: 1024px) 100vw, 1024px\" \/><\/a><\/p>\n<p>Bene, tanti sono stati, rispettivamente, gli anni in servizio per l&#8217;Aeronautica Militare e le ore di volo effettuate dal Breguet BR-1150 Atlantic (P-1150A) del 41\u00b0 Stormo Antisom.<\/p>\n<p><a href=\"https:\/\/www.seairlandshots.com\/wp-content\/uploads\/2018\/01\/1972-Atlantic-27-giugno-primo-atterraggio.jpg\"><img loading=\"lazy\" decoding=\"async\" class=\"aligncenter size-full wp-image-804\" src=\"https:\/\/www.seairlandshots.com\/wp-content\/uploads\/2018\/01\/1972-Atlantic-27-giugno-primo-atterraggio.jpg\" alt=\"\" width=\"1024\" height=\"617\" srcset=\"https:\/\/www.seairlandshots.com\/wp-content\/uploads\/2018\/01\/1972-Atlantic-27-giugno-primo-atterraggio.jpg 1024w, https:\/\/www.seairlandshots.com\/wp-content\/uploads\/2018\/01\/1972-Atlantic-27-giugno-primo-atterraggio-300x181.jpg 300w, https:\/\/www.seairlandshots.com\/wp-content\/uploads\/2018\/01\/1972-Atlantic-27-giugno-primo-atterraggio-768x463.jpg 768w\" sizes=\"auto, (max-width: 1024px) 100vw, 1024px\" \/><\/a><\/p>\n<p>Correva l&#8217;anno 1972, esattamente il 28 giugno, quando il primo dei 18 \u201cAtlantic\u201d destinati ai Reparti Antisom fu consegnato all\u201988\u00b0 Gruppo Volo del 41\u00b0 Stormo, volando da Tolosa, in Francia, a Sigonella dove, esattamente alle ore 16,20 tocc\u00f2 per la prima volta la pista dell\u2019Aeroporto Siciliano, rappresentando, per l\u2019intera Forza Armata, negli anni a venire, un binomio di operativit\u00e0 ed efficacia.<\/p>\n<p><a href=\"https:\/\/www.seairlandshots.com\/wp-content\/uploads\/2018\/01\/1994_Atlantic-in-formazione.jpg\"><img loading=\"lazy\" decoding=\"async\" class=\"aligncenter size-full wp-image-807\" src=\"https:\/\/www.seairlandshots.com\/wp-content\/uploads\/2018\/01\/1994_Atlantic-in-formazione.jpg\" alt=\"\" width=\"800\" height=\"488\" srcset=\"https:\/\/www.seairlandshots.com\/wp-content\/uploads\/2018\/01\/1994_Atlantic-in-formazione.jpg 800w, https:\/\/www.seairlandshots.com\/wp-content\/uploads\/2018\/01\/1994_Atlantic-in-formazione-300x183.jpg 300w, https:\/\/www.seairlandshots.com\/wp-content\/uploads\/2018\/01\/1994_Atlantic-in-formazione-768x468.jpg 768w\" sizes=\"auto, (max-width: 800px) 100vw, 800px\" \/><\/a><\/p>\n<p>Di questi 18 velivoli, 9 andarono in dotazione al 41\u00b0 Stormo e 9 al 30\u00b0 Stormo di Cagliari Elmas.<\/p>\n<p>Il 1\u00b0 agosto 2002, con lo scioglimento del 30\u00b0 Stormo, la Componente \u00e8 stata accorpata nell\u2019ambito del 41\u00b0 Stormo, alla base aerea Siciliana.<\/p>\n<p>Quarantacinque anni di attivit\u00e0 caratterizzata, non solo dalla sua costante presenza sopra le acque del mediterraneo a difesa dei nostri confini nazionali, ma anche da numerose missioni internazionali svolte puntualmente l\u00ec dove ne \u00e8 stato richiesto il suo impiego.<\/p>\n<p><a href=\"https:\/\/www.seairlandshots.com\/wp-content\/uploads\/2018\/01\/PALANTRANIAtlantic-23.jpg\"><img loading=\"lazy\" decoding=\"async\" class=\"aligncenter size-full wp-image-808\" src=\"https:\/\/www.seairlandshots.com\/wp-content\/uploads\/2018\/01\/PALANTRANIAtlantic-23.jpg\" alt=\"\" width=\"1024\" height=\"683\" srcset=\"https:\/\/www.seairlandshots.com\/wp-content\/uploads\/2018\/01\/PALANTRANIAtlantic-23.jpg 1024w, https:\/\/www.seairlandshots.com\/wp-content\/uploads\/2018\/01\/PALANTRANIAtlantic-23-300x200.jpg 300w, https:\/\/www.seairlandshots.com\/wp-content\/uploads\/2018\/01\/PALANTRANIAtlantic-23-768x512.jpg 768w\" sizes=\"auto, (max-width: 1024px) 100vw, 1024px\" \/><\/a><\/p>\n<p>L&#8217;Atlantic, \u00e8 stato una presenza rassicurante anche per i Siciliani, sopratutto per quelli residenti nelle zone costiere dell&#8217;area orientale dell&#8217;isola che, quasi quotidianamente, hanno alzato il capo al suo discreto e rassicurante passaggio, e perch\u00e8 no, anche salutato, cosi come si fa con un buon amico. Chi\u00a0 ha volato e operato sul BR-1150, ha avvertito uno straordinario fascino, provato ammirazione e sentita gratitudine.<\/p>\n<p><a href=\"https:\/\/www.seairlandshots.com\/wp-content\/uploads\/2018\/01\/2010_Atlantic-in-volo-sul-mare.jpg\"><img loading=\"lazy\" decoding=\"async\" class=\"aligncenter size-full wp-image-809\" src=\"https:\/\/www.seairlandshots.com\/wp-content\/uploads\/2018\/01\/2010_Atlantic-in-volo-sul-mare.jpg\" alt=\"\" width=\"800\" height=\"533\" srcset=\"https:\/\/www.seairlandshots.com\/wp-content\/uploads\/2018\/01\/2010_Atlantic-in-volo-sul-mare.jpg 800w, https:\/\/www.seairlandshots.com\/wp-content\/uploads\/2018\/01\/2010_Atlantic-in-volo-sul-mare-300x200.jpg 300w, https:\/\/www.seairlandshots.com\/wp-content\/uploads\/2018\/01\/2010_Atlantic-in-volo-sul-mare-768x512.jpg 768w\" sizes=\"auto, (max-width: 800px) 100vw, 800px\" \/><\/a><\/p>\n<p>Sentimenti intensi, forti, per un velivolo che lascia un segno indelebile perch\u00e9 campione di affidabilit\u00e0 e di sicurezza in primis, primatista riconosciuto di capacit\u00e0 operativit\u00e0 ed efficacia, tuttora senza rivali in grado di scalfirne il titolo di primo e unico velivolo concepito, progettato ed impiegato esclusivamente per l\u2019attivit\u00e0 \u201cAntisom\u201d.<\/p>\n<p>In molti, affettuosamente, lo hanno paragonato ad un buon padre di famiglia, che ha sempre riportato l&#8217;equipaggio a casa.<\/p>\n<figure id=\"attachment_810\" aria-describedby=\"caption-attachment-810\" style=\"width: 800px\" class=\"wp-caption aligncenter\"><a href=\"https:\/\/www.seairlandshots.com\/wp-content\/uploads\/2018\/01\/2017_Atlantic-Saluto-degli-Equipaggi.jpg\"><img loading=\"lazy\" decoding=\"async\" class=\"size-full wp-image-810\" src=\"https:\/\/www.seairlandshots.com\/wp-content\/uploads\/2018\/01\/2017_Atlantic-Saluto-degli-Equipaggi.jpg\" alt=\"\" width=\"800\" height=\"439\" srcset=\"https:\/\/www.seairlandshots.com\/wp-content\/uploads\/2018\/01\/2017_Atlantic-Saluto-degli-Equipaggi.jpg 800w, https:\/\/www.seairlandshots.com\/wp-content\/uploads\/2018\/01\/2017_Atlantic-Saluto-degli-Equipaggi-300x165.jpg 300w, https:\/\/www.seairlandshots.com\/wp-content\/uploads\/2018\/01\/2017_Atlantic-Saluto-degli-Equipaggi-768x421.jpg 768w\" sizes=\"auto, (max-width: 800px) 100vw, 800px\" \/><\/a><figcaption id=\"caption-attachment-810\" class=\"wp-caption-text\">Il saluto degli equipaggi<\/figcaption><\/figure>\n<p>Il Velivolo \u201cBreguet 1150 Atlantic\u201d \u00e8 un biturboelica da pattugliamento \u201cognitempo\u201d prodotto in Europa e destinato principalmente alla scoperta, al tracciamento e alla neutralizzazione dei sottomarini e secondariamente alla ricognizione marittima in generale.<\/p>\n<p>Fu scelto dopo un\u2019attenta e prolungata selezione di diversi aeromobili della stessa specialit\u00e0, in virt\u00f9 della sua larga dotazione di strumenti di navigazione, di scoperta e localizzazione di sommergibili naviganti in immersione, il velivolo si dimostr\u00f2 subito all\u2019optimum delle tecniche pi\u00f9 moderne in materia ed il suo armamento il pi\u00f9 efficace fra quelli disponibili perch\u00e9 in grado di condurre autonomamente ricerche sistematiche su tutta l&#8217;area del Mediterraneo.<\/p>\n<p><a href=\"https:\/\/www.seairlandshots.com\/wp-content\/uploads\/2018\/01\/PALANTRANIAtlantic-3.jpg\"><img loading=\"lazy\" decoding=\"async\" class=\"aligncenter size-full wp-image-811\" src=\"https:\/\/www.seairlandshots.com\/wp-content\/uploads\/2018\/01\/PALANTRANIAtlantic-3.jpg\" alt=\"\" width=\"1024\" height=\"683\" srcset=\"https:\/\/www.seairlandshots.com\/wp-content\/uploads\/2018\/01\/PALANTRANIAtlantic-3.jpg 1024w, https:\/\/www.seairlandshots.com\/wp-content\/uploads\/2018\/01\/PALANTRANIAtlantic-3-300x200.jpg 300w, https:\/\/www.seairlandshots.com\/wp-content\/uploads\/2018\/01\/PALANTRANIAtlantic-3-768x512.jpg 768w\" sizes=\"auto, (max-width: 1024px) 100vw, 1024px\" \/><\/a><\/p>\n<p>Grazie all\u2019attivit\u00e0 svolta a mezzo dell\u2019Atlantic, il 28 marzo 2007, il Presidente della Repubblica ha appuntato sulla Bandiera di Guerra del 41\u00b0 Stormo Antisom la Medaglia d\u2019Argento al Merito Civile quale riconoscimento per la meritoria ed incessante opera a protezione dei traffici marittimi e della ricerca e soccorso di profughi e naufraghi nell\u2019area mediterranea.<\/p>\n<p>Quest\u2019ultima Medaglia si \u00e8 aggiunta alle precedenti due al Valor Militare (del 1940 e 1940-41) facendo diventare la Bandiera del 41\u00b0 Stormo una delle pi\u00f9 decorate dell\u2019AM.<\/p>\n<p><a href=\"https:\/\/www.seairlandshots.com\/wp-content\/uploads\/2018\/01\/MaliziaAtlantic-01.jpg\"><img loading=\"lazy\" decoding=\"async\" class=\"aligncenter size-full wp-image-812\" src=\"https:\/\/www.seairlandshots.com\/wp-content\/uploads\/2018\/01\/MaliziaAtlantic-01.jpg\" alt=\"\" width=\"1024\" height=\"584\" srcset=\"https:\/\/www.seairlandshots.com\/wp-content\/uploads\/2018\/01\/MaliziaAtlantic-01.jpg 1024w, https:\/\/www.seairlandshots.com\/wp-content\/uploads\/2018\/01\/MaliziaAtlantic-01-300x171.jpg 300w, https:\/\/www.seairlandshots.com\/wp-content\/uploads\/2018\/01\/MaliziaAtlantic-01-768x438.jpg 768w\" sizes=\"auto, (max-width: 1024px) 100vw, 1024px\" \/><\/a><\/p>\n<p>Il Comando Aeroporto di Sigonella ha il compito di fornire il supporto tecnico, logistico, amministrativo ed operativo al 41\u00b0 Stormo Antisom ed ai Reparti rischierati ed in transito sull\u2019omonima Base Aerea, assicurando &#8211; al contempo &#8211; i servizi necessari per il sicuro ed efficace svolgimento delle attivit\u00e0 di volo.<\/p>\n<p>Inoltre, \u00e8 responsabile della fornitura dei servizi del traffico aereo all\u2019interno della zona di controllo (CTR) denominata Catania, che comprende i cieli della Sicilia orientale e dei mari adiacenti, ivi compresi gli Aeroporti di Sigonella, Catania-Fontanarossa e Comiso.<\/p>\n<p>L\u2019Aeroporto ospita e fornisce supporto al 41\u00b0 Stormo Antisom, al 11\u00b0 Reparto Manutenzione Velivoli, al 304\u00b0 Servizio Tecnico Distaccato Infrastrutture, al 61\u00b0 Gruppo Volo, alla Nato AGS Force (NAGSF), allo Squadrone Carabinieri Eliportato \u201cCacciatori Sicilia\u201d.<\/p>\n<p><a href=\"https:\/\/www.seairlandshots.com\/wp-content\/uploads\/2018\/01\/Guglielmi1.jpg\"><img loading=\"lazy\" decoding=\"async\" class=\"aligncenter size-full wp-image-815\" src=\"https:\/\/www.seairlandshots.com\/wp-content\/uploads\/2018\/01\/Guglielmi1.jpg\" alt=\"\" width=\"1024\" height=\"680\" srcset=\"https:\/\/www.seairlandshots.com\/wp-content\/uploads\/2018\/01\/Guglielmi1.jpg 1024w, https:\/\/www.seairlandshots.com\/wp-content\/uploads\/2018\/01\/Guglielmi1-300x199.jpg 300w, https:\/\/www.seairlandshots.com\/wp-content\/uploads\/2018\/01\/Guglielmi1-768x510.jpg 768w, https:\/\/www.seairlandshots.com\/wp-content\/uploads\/2018\/01\/Guglielmi1-310x205.jpg 310w\" sizes=\"auto, (max-width: 1024px) 100vw, 1024px\" \/><\/a><\/p>\n<p>La Base ospita anche altri Reparti tra i quali la Compagnia Carabinieri per l\u2019AM, il 215\u00b0 Nucleo Sicurezza, la Squadriglia Telecomunicazioni\/Nucleo Distaccato Ponti Radio e la Sezione Valutazione Analisi Antisom (SVAAS) della MM. Nella parte ovest del suo sedime insiste da oltre 50 anni la Naval Air Station della Marina degli Stati Uniti d\u2019America.<\/p>\n<p>Il Comando Aeroporto di Sigonella, gerarchicamente dipendente dal Comando Forze di Supporto e Speciali dell\u2019Aeronautica Militare di Roma, \u00e8 stato costituito il 31\/12\/2013, ma di fatto ha iniziato ad operare dal 14\/10\/2014, data in cui \u00e8 stato trasferito il personale dal ridimensionato 41\u00b0 Stormo.<\/p>\n<p><a href=\"https:\/\/www.seairlandshots.com\/wp-content\/uploads\/2018\/01\/CAG_1036.jpg\"><img loading=\"lazy\" decoding=\"async\" class=\"aligncenter size-full wp-image-816\" src=\"https:\/\/www.seairlandshots.com\/wp-content\/uploads\/2018\/01\/CAG_1036.jpg\" alt=\"\" width=\"1024\" height=\"684\" srcset=\"https:\/\/www.seairlandshots.com\/wp-content\/uploads\/2018\/01\/CAG_1036.jpg 1024w, https:\/\/www.seairlandshots.com\/wp-content\/uploads\/2018\/01\/CAG_1036-300x200.jpg 300w, https:\/\/www.seairlandshots.com\/wp-content\/uploads\/2018\/01\/CAG_1036-768x513.jpg 768w\" sizes=\"auto, (max-width: 1024px) 100vw, 1024px\" \/><\/a><\/p>\n<p>&nbsp;<\/p>\n<p>Ulteriori impieghi del velivolo, sono la ricerca ed il soccorso, la ricognizione fotografica ed elettronica, il pattugliamento delle aree d\u2019interesse rivolte al controllo dei flussi d\u2019immigrazione clandestina nel mediterraneo, infine, la posa di mine ed il trasporto.<\/p>\n<p>Tutto questo \u00e8 da ascriversi unicamente alle capacit\u00e0 peculiari del velivolo Atlantic in termini di autonomia, attitudine al volo a bassissima quota e disponibilit\u00e0 di molteplici sensori e apparati di comunicazione, che gli permettono di pattugliare agevolmente aree molto vaste, altrimenti esplorabili con l\u2019impiego di numerosi altri mezzi navali ed aerei.<\/p>\n<p><a href=\"https:\/\/www.seairlandshots.com\/wp-content\/uploads\/2018\/01\/DSCN2330.jpg\"><img loading=\"lazy\" decoding=\"async\" class=\"aligncenter size-full wp-image-817\" src=\"https:\/\/www.seairlandshots.com\/wp-content\/uploads\/2018\/01\/DSCN2330.jpg\" alt=\"\" width=\"1024\" height=\"768\" srcset=\"https:\/\/www.seairlandshots.com\/wp-content\/uploads\/2018\/01\/DSCN2330.jpg 1024w, https:\/\/www.seairlandshots.com\/wp-content\/uploads\/2018\/01\/DSCN2330-300x225.jpg 300w, https:\/\/www.seairlandshots.com\/wp-content\/uploads\/2018\/01\/DSCN2330-768x576.jpg 768w\" sizes=\"auto, (max-width: 1024px) 100vw, 1024px\" \/><\/a><\/p>\n<p>Un velivolo che ha operato con un equipaggio molto numeroso, composto da tredici unit\u00e0, con la peculiarit\u00e0 unica di essere formato da ufficiali piloti e sottufficiali operatori di bordo,\u00a0 appartenenti sia all\u2019Aeronautica che alla Marina Militare, dove il concetto stesso di equipaggio \u00e8 stato portato alle estreme conseguenze in termini di operativit\u00e0, capacit\u00e0, sicurezza, cameratismo, spirito di gruppo, amicizia e rispetto reciproco grazie all\u2019esclusiva formula degli \u201cequipaggi fissi\u201d dove si vola stabilmente insieme operando in un ambiente sostanzialmente analogico.<\/p>\n<p><a href=\"https:\/\/www.seairlandshots.com\/wp-content\/uploads\/2018\/01\/PALANTRANIAtlantic-28.jpg\"><img loading=\"lazy\" decoding=\"async\" class=\"aligncenter size-full wp-image-818\" src=\"https:\/\/www.seairlandshots.com\/wp-content\/uploads\/2018\/01\/PALANTRANIAtlantic-28.jpg\" alt=\"\" width=\"1024\" height=\"683\" srcset=\"https:\/\/www.seairlandshots.com\/wp-content\/uploads\/2018\/01\/PALANTRANIAtlantic-28.jpg 1024w, https:\/\/www.seairlandshots.com\/wp-content\/uploads\/2018\/01\/PALANTRANIAtlantic-28-300x200.jpg 300w, https:\/\/www.seairlandshots.com\/wp-content\/uploads\/2018\/01\/PALANTRANIAtlantic-28-768x512.jpg 768w\" sizes=\"auto, (max-width: 1024px) 100vw, 1024px\" \/><\/a><\/p>\n<p>Requisiti, questi, tutti necessari ad ottimizzare l\u2019autonomia e la durata delle missioni pi\u00f9 lunghe di ogni altro velivolo del genere, solitamente di circa 12 ore.<\/p>\n<p>Degno di nota, il record di permanenza in volo dell\u2019Atlantic, che \u00e8 stato di 19 ore e 20 minuti ininterrotti e senza alcun tipo rifornimento.<\/p>\n<p>Con L&#8217;Atlantic, il 41\u00b0 Stormo,\u00a0 \u00e8 stato presente in tutte le edizioni delle maggiori esercitazioni internazionali NATO e non: dalla Dawn Patrol del 1973 alla Dynamic Manta dei giorni nostri, passando per le varie Display Determination, Dog Fish, Vento Caldo, Daily Double, Mare Aperto, Tridente, Deterrent Force, Passex, Storm Two, Fleetex, Sharp Guard, Destined Glory, Tapoon e tantissime altre.<\/p>\n<p>Ha toccato met\u00e0 prestigiose quali il Polo Nord nel 1997, tutti i principali Aeroporti militari Europei fino all\u2019Islanda, e ancora suggestive mete transoceaniche e mondiali in generale (India, Marocco, Canada, Egitto, USA, Libano, Emirati Arabi, etc).<\/p>\n<p><a href=\"https:\/\/www.seairlandshots.com\/wp-content\/uploads\/2018\/01\/PALANTRANIAtlantic-10.jpg\"><img loading=\"lazy\" decoding=\"async\" class=\"aligncenter size-full wp-image-819\" src=\"https:\/\/www.seairlandshots.com\/wp-content\/uploads\/2018\/01\/PALANTRANIAtlantic-10.jpg\" alt=\"\" width=\"1024\" height=\"683\" srcset=\"https:\/\/www.seairlandshots.com\/wp-content\/uploads\/2018\/01\/PALANTRANIAtlantic-10.jpg 1024w, https:\/\/www.seairlandshots.com\/wp-content\/uploads\/2018\/01\/PALANTRANIAtlantic-10-300x200.jpg 300w, https:\/\/www.seairlandshots.com\/wp-content\/uploads\/2018\/01\/PALANTRANIAtlantic-10-768x512.jpg 768w\" sizes=\"auto, (max-width: 1024px) 100vw, 1024px\" \/><\/a><\/p>\n<p>Non ultima, l\u2019attivit\u00e0 che ha assicurato il supporto SAR oceanico al velivolo F-35, durante il volo di trasferimento al Pilot Training Center di Luke-Arizona negli USA.<\/p>\n<p>Nell\u2019occasione, l\u2019Atlantic, decollato il giorno 20 settembre 2016 dall\u2019Aeroporto Siciliano alla volta di Portsmouth (USA), ha percorso circa 8000 miglia e volato per pi\u00f9 di 30 ore totali.<\/p>\n<p><a href=\"https:\/\/www.seairlandshots.com\/wp-content\/uploads\/2018\/01\/Guglielmo2.jpg\"><img loading=\"lazy\" decoding=\"async\" class=\"aligncenter size-full wp-image-820\" src=\"https:\/\/www.seairlandshots.com\/wp-content\/uploads\/2018\/01\/Guglielmo2.jpg\" alt=\"\" width=\"900\" height=\"1350\" srcset=\"https:\/\/www.seairlandshots.com\/wp-content\/uploads\/2018\/01\/Guglielmo2.jpg 900w, https:\/\/www.seairlandshots.com\/wp-content\/uploads\/2018\/01\/Guglielmo2-200x300.jpg 200w, https:\/\/www.seairlandshots.com\/wp-content\/uploads\/2018\/01\/Guglielmo2-768x1152.jpg 768w, https:\/\/www.seairlandshots.com\/wp-content\/uploads\/2018\/01\/Guglielmo2-683x1024.jpg 683w\" sizes=\"auto, (max-width: 900px) 100vw, 900px\" \/><\/a><\/p>\n<p>Dal 2015 \u00e8 gi\u00e0 iniziata per il 41\u00b0 Stormo la fase di transizione al nuovo sistema d\u2019arma: il velivolo ATR-72 nella versione militarizzata \u201cmaritime patrol\u201d P-72A, giunto a Sigonella il 25 novembre 2016.<\/p>\n<p>Il \u201cP-72A\u201d del 41\u00b0 Stormo Antisom dell\u2019Aeronautica Militare di Sigonella nasce come soluzione ad interim nel campo del pattugliamento marittimo a lungo raggio.<\/p>\n<p>Il velivolo, con caratteristiche \u201cognitempo\u201d e capacit\u00e0 \u201cmultiruolo\u201d, grazie ad un\u2019avanzatissima suite di sensori, \u00e8 in grado di assolvere molteplici tipologie di missioni: dal pattugliamento marittimo, alla ricerca e soccorso in mare (SAR), alla ricognizione elettronica, alle attivit\u00e0 d\u2019intelligence con sensori radar-ottici e al supporto aereo a truppe di terra. Il velivolo \u00e8 basato sulla cellula dell\u2019aereo civile ATR 72-600, noto turboelica prodotto da Leonardo, ex Finmeccanica e Alenia. Alla fine del 2012 la Marina ha richiesto un totale aggiornamento dei sistemi di comunicazione del velivolo per garantirne la compatibilit\u00e0 con l\u2019architettura C4S di della Difesa.<\/p>\n<p>L\u2019equipaggio \u00e8 formato da ufficiali piloti e sottufficiali operatori di bordo che appartengono all\u2019Aeronautica Militare e alla Marina Militare.<\/p>\n<p>Questa \u00e8 una caratteristica tipica del 41\u00b0 Stormo che mantiene, quindi, una veste tipicamente interforze attraverso un connubio tra due Componenti (AM e MM) perfettamente integrate, che nei 45 anni di storia del velivolo Atlantic ha dato risultati eccellenti.<\/p>\n<p>Al \u201cGiardini Naxos Air Show 2017\u201d, la prima occasione ufficiale che ha visto volare insieme i due velivoli. Il primo, l\u2019Atlantic, esempio di affidabilit\u00e0 per i suoi ben 45 anni di attivit\u00e0 lungo le coste mediterranee, che ha passato il testimone al moderno P-72A.<\/p>\n<p>Il 41\u00b0 Stormo \u00e8 stato l&#8217;ultimo Reparto dell\u2019Aeronautica Militare dotato di \u201cAtlantic\u201d, e l&#8217;unico ad averlo in linea volo congiuntamente al P-72A.<\/p>\n<p>Garantisce la propria missione primaria consistente nel contrastare la minaccia subacquea e navale e nel fornire il servizio di ricerca e soccorso in mare a lungo raggio, mantenendo sotto controllo, a protezione delle principali vie marittime, le unit\u00e0 navali subacquee e di superficie potenzialmente ostili.<\/p>\n<p>Inoltre, assicura il controllo del traffico mercantile, nell\u2019ambito delle operazioni contro il terrorismo internazionale, ed il supporto alle attivit\u00e0 volte al controllo dei flussi d\u2019immigrazione clandestina dai quadranti meridionali del mediterraneo, garantendo giornalmente la copertura delle ampie zone di mare d\u2019interesse, con la tempestiva localizzazione dei profughi in mare e l\u2019allertamento degli organi preposti, un costante e pronto intervento SAR (Search and Rescue &#8211; Ricerca e Soccorso) in caso di sinistro marittimo e naufragio degli stessi.<\/p>\n<p><a href=\"https:\/\/www.seairlandshots.com\/wp-content\/uploads\/2018\/01\/MaliziaAtlantic-4.jpg\"><img loading=\"lazy\" decoding=\"async\" class=\"aligncenter size-full wp-image-821\" src=\"https:\/\/www.seairlandshots.com\/wp-content\/uploads\/2018\/01\/MaliziaAtlantic-4.jpg\" alt=\"\" width=\"1024\" height=\"623\" srcset=\"https:\/\/www.seairlandshots.com\/wp-content\/uploads\/2018\/01\/MaliziaAtlantic-4.jpg 1024w, https:\/\/www.seairlandshots.com\/wp-content\/uploads\/2018\/01\/MaliziaAtlantic-4-300x183.jpg 300w, https:\/\/www.seairlandshots.com\/wp-content\/uploads\/2018\/01\/MaliziaAtlantic-4-768x467.jpg 768w\" sizes=\"auto, (max-width: 1024px) 100vw, 1024px\" \/><\/a><\/p>\n<p>Ci \u00e8 stato concesso l\u2019onore di effettuare sia l\u2019ultimo \u201cmedia flight\u201d a bordo dell&#8217;Atlantic, \u201cSpada 02\u201d, con decollo da Sigonella, e rientro in base, che effettuare riprese fototografiche \u201cair to air\u201d a bordo di un C-27J, al \u201clast flight\u201d dell\u2019Atlantic, a sua volta accompagnato da un P-72A.<\/p>\n<p>Il 22 novembre 2017 rimarr\u00e0 una data storica per l\u2019Aeronautica Militare e in particolare per il 41\u00b0 Stormo di Sigonella.<\/p>\n<p><a href=\"https:\/\/www.seairlandshots.com\/wp-content\/uploads\/2018\/01\/MaliziaAtlantic-10.jpg\"><img loading=\"lazy\" decoding=\"async\" class=\"aligncenter size-full wp-image-822\" src=\"https:\/\/www.seairlandshots.com\/wp-content\/uploads\/2018\/01\/MaliziaAtlantic-10.jpg\" alt=\"\" width=\"1024\" height=\"705\" srcset=\"https:\/\/www.seairlandshots.com\/wp-content\/uploads\/2018\/01\/MaliziaAtlantic-10.jpg 1024w, https:\/\/www.seairlandshots.com\/wp-content\/uploads\/2018\/01\/MaliziaAtlantic-10-300x207.jpg 300w, https:\/\/www.seairlandshots.com\/wp-content\/uploads\/2018\/01\/MaliziaAtlantic-10-768x529.jpg 768w, https:\/\/www.seairlandshots.com\/wp-content\/uploads\/2018\/01\/MaliziaAtlantic-10-110x75.jpg 110w\" sizes=\"auto, (max-width: 1024px) 100vw, 1024px\" \/><\/a><\/p>\n<p>Dopo una lunghissima e gloriosissima carriera \u00e8 decollato l\u2019ultimo Breguet BR 1150 Atlantic ancora operativo con destinazione finale Pratica di Mare.<\/p>\n<p>Qui verra\u2019 smontato e trasportato via terra al Museo di Vigna di Valle per essere esposto.<\/p>\n<p>Si chiude cos\u00ec una carriera durata 45 anni durante la quale l\u2019Atlantic ha vegliato sui nostri mari con un rateo di efficienza ed affidabilit\u00e0 senza pari.<\/p>\n<div class=\"box note  \"><div class=\"box-inner-block\"><i class=\"fa tie-shortcode-boxicon\"><\/i>\n\t\t\tIl velivolo che ha effettuato l\u2019ultimo volo \u00e8 l\u2019esemplare \u201c41-03\u201d con matricola Militare 40118 e numero di costruzione 80. E\u2019 entrato in servizio con l\u2019Aeronautica Militare il 31 maggio del 1983 volando dapprima con il 30\u00b0 Stormo a Cagliari-Elmas come \u201c30-03\u201d per poi passare a Sigonella una volta sciolto lo stormo dell\u2019isola Sarda. In totale questo esemplare ha chiuso la carriera con al suo attivo 14.598,50 ore di volo. Per l\u2019occasione \u00e8 stato decorato con una speciale livrea commemorativa, grazie all\u2019abile lavoro di un apposito team composto dal Sig. Enrico Marino (verniciatore) e PM Fabio Pecorino (disegnatore e assistente verniciatore), con le indicazioni del Col. Federico Fedele La colorazione, che interessa la sola coda del velivolo, riprende la livrea iniziale della flotta, bianco-grigia, caratteristica dell\u2019intramontabile pattugliatore antisom. Sul lato sinistro dell\u2019impennaggio verticale si richiamano gli stemmi del 41\u00b0 Stormo e, in basso a sinistra, del 30\u00b0 Stormo, ossia degli Stormi che hanno impiegato il velivolo. In basso a destra \u00e8 riportata una combinazione dei numeri 41 e 11 ad indicare la sinergia tra il 41\u00b0 Stormo e l\u201911 Reparto Manutenzione Velivoli. L\u2019insieme dei numeri richiama una pista di volo. Al centro, all\u2019interno della pinna dello squalo, \u00e8 riportato il Monte Etna a richiamare la Sicilia e Catania, e sempre all\u2019interno della pinna \u00e8 presente la sagoma di un piccolo Atlantic che vola verso l\u2019orizzonte per lasciare la scena. Sul lato sinistro del radome MAD (Magnetic Anomaly Detector, uno dei sensori per la ricerca antisom) \u00e8 riportata la scritta \u201cthe last one \u2026\u201d, ultimo velivolo \u201cAtlantic 1\u201d operativo nel mondo. Il lato destro dell\u2019impennaggio verticale riporta il numero 45 con gli strali del 41\u00b0 Stormo su sfondo nero: 45 sono gli anni di servizio dell\u2019Atlantic in Italia, come riportato sul lato destro del radome MAD (1972-2017).\n\t\t\t<\/div><\/div>\n<p><a href=\"https:\/\/www.seairlandshots.com\/wp-content\/uploads\/2018\/01\/Guglielmo6-1.jpg\"><img loading=\"lazy\" decoding=\"async\" class=\"aligncenter size-full wp-image-813\" src=\"https:\/\/www.seairlandshots.com\/wp-content\/uploads\/2018\/01\/Guglielmo6-1.jpg\" alt=\"\" width=\"1024\" height=\"680\" srcset=\"https:\/\/www.seairlandshots.com\/wp-content\/uploads\/2018\/01\/Guglielmo6-1.jpg 1024w, https:\/\/www.seairlandshots.com\/wp-content\/uploads\/2018\/01\/Guglielmo6-1-300x199.jpg 300w, https:\/\/www.seairlandshots.com\/wp-content\/uploads\/2018\/01\/Guglielmo6-1-768x510.jpg 768w, https:\/\/www.seairlandshots.com\/wp-content\/uploads\/2018\/01\/Guglielmo6-1-310x205.jpg 310w\" sizes=\"auto, (max-width: 1024px) 100vw, 1024px\" \/><\/a><\/p>\n<p>Resteranno, infine, per me indelebili, le parole con cui il Comandante, e gli altri membri delll\u2019equipaggio, dopo il briefing post-volo, ci abbiano esternato, con un pizzico di commozione, con quale indiscussa fierezza, ed orgoglio, abbiano volato e operato, con un \u00a0velivolo come l\u2019Atlantic.<\/p>\n<p>Grazie Atlantic.<\/p>\n<div class=\"box shadow  \"><div class=\"box-inner-block\"><i class=\"fa tie-shortcode-boxicon\"><\/i>\n\t\t\tLa redazione di Sea Air Land desidera ringraziare l&#8217;Ufficio Pubblica Informazione dell&#8217;Aeronautica Militare, Il Comandante del 41\u00b0 Stormo, il I Maresciallo Carmelo Savoca e gli equipaggi dei velivoli interessati\n\t\t\t<\/div><\/div>\n","protected":false},"excerpt":{"rendered":"<p>&nbsp; Bene, tanti sono stati, rispettivamente, gli anni in servizio per l&#8217;Aeronautica Militare e le ore di volo effettuate dal Breguet BR-1150 Atlantic (P-1150A) del 41\u00b0 Stormo Antisom. Correva l&#8217;anno 1972, esattamente il 28 giugno, quando il primo dei 18 \u201cAtlantic\u201d destinati ai Reparti Antisom fu consegnato all\u201988\u00b0 Gruppo Volo del 41\u00b0 Stormo, volando da &hellip;<\/p>\n","protected":false},"author":14,"featured_media":813,"comment_status":"closed","ping_status":"closed","sticky":false,"template":"","format":"standard","meta":{"footnotes":""},"categories":[5],"tags":[57,63,99,100,56,101],"class_list":["post-801","post","type-post","status-publish","format-standard","has-post-thumbnail","","category-aeronautica_militare","tag-aeronautica-militare","tag-alessandro-palantrani","tag-atlantic","tag-br-1150","tag-guglielmo-guglielmi","tag-sigonella"],"_links":{"self":[{"href":"https:\/\/www.seairlandshots.com\/index.php\/wp-json\/wp\/v2\/posts\/801","targetHints":{"allow":["GET"]}}],"collection":[{"href":"https:\/\/www.seairlandshots.com\/index.php\/wp-json\/wp\/v2\/posts"}],"about":[{"href":"https:\/\/www.seairlandshots.com\/index.php\/wp-json\/wp\/v2\/types\/post"}],"author":[{"embeddable":true,"href":"https:\/\/www.seairlandshots.com\/index.php\/wp-json\/wp\/v2\/users\/14"}],"replies":[{"embeddable":true,"href":"https:\/\/www.seairlandshots.com\/index.php\/wp-json\/wp\/v2\/comments?post=801"}],"version-history":[{"count":6,"href":"https:\/\/www.seairlandshots.com\/index.php\/wp-json\/wp\/v2\/posts\/801\/revisions"}],"predecessor-version":[{"id":825,"href":"https:\/\/www.seairlandshots.com\/index.php\/wp-json\/wp\/v2\/posts\/801\/revisions\/825"}],"wp:featuredmedia":[{"embeddable":true,"href":"https:\/\/www.seairlandshots.com\/index.php\/wp-json\/wp\/v2\/media\/813"}],"wp:attachment":[{"href":"https:\/\/www.seairlandshots.com\/index.php\/wp-json\/wp\/v2\/media?parent=801"}],"wp:term":[{"taxonomy":"category","embeddable":true,"href":"https:\/\/www.seairlandshots.com\/index.php\/wp-json\/wp\/v2\/categories?post=801"},{"taxonomy":"post_tag","embeddable":true,"href":"https:\/\/www.seairlandshots.com\/index.php\/wp-json\/wp\/v2\/tags?post=801"}],"curies":[{"name":"wp","href":"https:\/\/api.w.org\/{rel}","templated":true}]}}