{"id":7372,"date":"2025-12-11T01:47:44","date_gmt":"2025-12-11T00:47:44","guid":{"rendered":"https:\/\/www.seairlandshots.com\/?p=7372"},"modified":"2026-03-13T16:46:14","modified_gmt":"2026-03-13T15:46:14","slug":"poggio-dart-istrana-2025-esercitazione-nato-con-aeronautica-turca","status":"publish","type":"post","link":"https:\/\/www.seairlandshots.com\/index.php\/2025\/12\/11\/poggio-dart-istrana-2025-esercitazione-nato-con-aeronautica-turca\/","title":{"rendered":"\u201cPoggio Dart\u201d Istrana 2025 &#8211; Esercitazione NATO con Aeronautica turca."},"content":{"rendered":"<p><img loading=\"lazy\" decoding=\"async\" class=\"aligncenter size-full wp-image-7384\" src=\"https:\/\/www.seairlandshots.com\/wp-content\/uploads\/2025\/12\/DSC_7988.jpg\" alt=\"\" width=\"1600\" height=\"1000\" srcset=\"https:\/\/www.seairlandshots.com\/wp-content\/uploads\/2025\/12\/DSC_7988.jpg 1600w, https:\/\/www.seairlandshots.com\/wp-content\/uploads\/2025\/12\/DSC_7988-300x188.jpg 300w, https:\/\/www.seairlandshots.com\/wp-content\/uploads\/2025\/12\/DSC_7988-768x480.jpg 768w, https:\/\/www.seairlandshots.com\/wp-content\/uploads\/2025\/12\/DSC_7988-1024x640.jpg 1024w\" sizes=\"auto, (max-width: 1600px) 100vw, 1600px\" \/><\/p>\n<div class=\"box shadow  \"><div class=\"box-inner-block\"><i class=\"fa tie-shortcode-boxicon\"><\/i>\n\t\t\tTesto e foto Luigi Sani\n\t\t\t<\/div><\/div>\n<p class=\"p1\"><span class=\"s1\">Dal 24 novembre al 4 dicembre 2025, si \u00e8 svolta l&#8217;esercitazione NATO \u201cPoggio Dart 25\u201d (PODA25). Ospitata dall&#8217;Aeronautica Militare e guidata dal \u201cCentro di Comando e Controllo Aereo Dispiegabile\u201d, <i>Deployable\u00a0Air\u00a0Command\u00a0and\u00a0Control\u00a0Center <\/i>(DACCC) di Poggio Renatico. PODA 25 \u00e8 un&#8217;esercitazione chiave e di ampio respiro,<span class=\"Apple-converted-space\">\u00a0 <\/span>che ha visto impegnati assetti reali e virtuali delle aeronautiche\u00a0NATO,\u00a0dislocata sul territorio nazionale su varie basi e progettata per testare e rafforzare l&#8217;interoperabilit\u00e0 e la prontezza operativa delle forze alleate nelle operazioni di difesa aerea.<\/span><\/p>\n<p><img loading=\"lazy\" decoding=\"async\" class=\"aligncenter size-full wp-image-7399\" src=\"https:\/\/www.seairlandshots.com\/wp-content\/uploads\/2025\/12\/IMG_20251204_121638.jpg\" alt=\"\" width=\"1592\" height=\"1600\" srcset=\"https:\/\/www.seairlandshots.com\/wp-content\/uploads\/2025\/12\/IMG_20251204_121638.jpg 1592w, https:\/\/www.seairlandshots.com\/wp-content\/uploads\/2025\/12\/IMG_20251204_121638-150x150.jpg 150w, https:\/\/www.seairlandshots.com\/wp-content\/uploads\/2025\/12\/IMG_20251204_121638-768x772.jpg 768w, https:\/\/www.seairlandshots.com\/wp-content\/uploads\/2025\/12\/IMG_20251204_121638-1019x1024.jpg 1019w\" sizes=\"auto, (max-width: 1592px) 100vw, 1592px\" \/><\/p>\n<div id='gallery-1' class='gallery galleryid-7372 gallery-columns-2 gallery-size-full'><figure class='gallery-item'>\n\t\t\t<div class='gallery-icon landscape'>\n\t\t\t\t<a href='https:\/\/www.seairlandshots.com\/wp-content\/uploads\/2025\/12\/DSC_6517.jpg'><img loading=\"lazy\" decoding=\"async\" width=\"1600\" height=\"980\" src=\"https:\/\/www.seairlandshots.com\/wp-content\/uploads\/2025\/12\/DSC_6517.jpg\" class=\"attachment-full size-full\" alt=\"\" srcset=\"https:\/\/www.seairlandshots.com\/wp-content\/uploads\/2025\/12\/DSC_6517.jpg 1600w, https:\/\/www.seairlandshots.com\/wp-content\/uploads\/2025\/12\/DSC_6517-300x184.jpg 300w, https:\/\/www.seairlandshots.com\/wp-content\/uploads\/2025\/12\/DSC_6517-768x470.jpg 768w, https:\/\/www.seairlandshots.com\/wp-content\/uploads\/2025\/12\/DSC_6517-1024x627.jpg 1024w\" sizes=\"auto, (max-width: 1600px) 100vw, 1600px\" \/><\/a>\n\t\t\t<\/div><\/figure><figure class='gallery-item'>\n\t\t\t<div class='gallery-icon landscape'>\n\t\t\t\t<a href='https:\/\/www.seairlandshots.com\/wp-content\/uploads\/2025\/12\/DSC_6526.jpg'><img loading=\"lazy\" decoding=\"async\" width=\"1600\" height=\"987\" src=\"https:\/\/www.seairlandshots.com\/wp-content\/uploads\/2025\/12\/DSC_6526.jpg\" class=\"attachment-full size-full\" alt=\"\" srcset=\"https:\/\/www.seairlandshots.com\/wp-content\/uploads\/2025\/12\/DSC_6526.jpg 1600w, https:\/\/www.seairlandshots.com\/wp-content\/uploads\/2025\/12\/DSC_6526-300x185.jpg 300w, https:\/\/www.seairlandshots.com\/wp-content\/uploads\/2025\/12\/DSC_6526-768x474.jpg 768w, https:\/\/www.seairlandshots.com\/wp-content\/uploads\/2025\/12\/DSC_6526-1024x632.jpg 1024w\" sizes=\"auto, (max-width: 1600px) 100vw, 1600px\" \/><\/a>\n\t\t\t<\/div><\/figure><figure class='gallery-item'>\n\t\t\t<div class='gallery-icon landscape'>\n\t\t\t\t<a href='https:\/\/www.seairlandshots.com\/wp-content\/uploads\/2025\/12\/DSC_6608.jpg'><img loading=\"lazy\" decoding=\"async\" width=\"1600\" height=\"1067\" src=\"https:\/\/www.seairlandshots.com\/wp-content\/uploads\/2025\/12\/DSC_6608.jpg\" class=\"attachment-full size-full\" alt=\"\" srcset=\"https:\/\/www.seairlandshots.com\/wp-content\/uploads\/2025\/12\/DSC_6608.jpg 1600w, https:\/\/www.seairlandshots.com\/wp-content\/uploads\/2025\/12\/DSC_6608-300x200.jpg 300w, https:\/\/www.seairlandshots.com\/wp-content\/uploads\/2025\/12\/DSC_6608-768x512.jpg 768w, https:\/\/www.seairlandshots.com\/wp-content\/uploads\/2025\/12\/DSC_6608-1024x683.jpg 1024w\" sizes=\"auto, (max-width: 1600px) 100vw, 1600px\" \/><\/a>\n\t\t\t<\/div><\/figure><figure class='gallery-item'>\n\t\t\t<div class='gallery-icon landscape'>\n\t\t\t\t<a href='https:\/\/www.seairlandshots.com\/wp-content\/uploads\/2025\/12\/DSC_6566.jpg'><img loading=\"lazy\" decoding=\"async\" width=\"1600\" height=\"954\" src=\"https:\/\/www.seairlandshots.com\/wp-content\/uploads\/2025\/12\/DSC_6566.jpg\" class=\"attachment-full size-full\" alt=\"\" aria-describedby=\"gallery-1-7377\" srcset=\"https:\/\/www.seairlandshots.com\/wp-content\/uploads\/2025\/12\/DSC_6566.jpg 1600w, https:\/\/www.seairlandshots.com\/wp-content\/uploads\/2025\/12\/DSC_6566-300x179.jpg 300w, https:\/\/www.seairlandshots.com\/wp-content\/uploads\/2025\/12\/DSC_6566-768x458.jpg 768w, https:\/\/www.seairlandshots.com\/wp-content\/uploads\/2025\/12\/DSC_6566-1024x611.jpg 1024w\" sizes=\"auto, (max-width: 1600px) 100vw, 1600px\" \/><\/a>\n\t\t\t<\/div>\n\t\t\t\t<figcaption class='wp-caption-text gallery-caption' id='gallery-1-7377'>\n\t\t\t\tMcDonnell-Douglas F-4E Phantom\u00a0II\n\t\t\t\t<\/figcaption><\/figure><figure class='gallery-item'>\n\t\t\t<div class='gallery-icon landscape'>\n\t\t\t\t<a href='https:\/\/www.seairlandshots.com\/wp-content\/uploads\/2025\/12\/DSC_6533.jpg'><img loading=\"lazy\" decoding=\"async\" width=\"1600\" height=\"1088\" src=\"https:\/\/www.seairlandshots.com\/wp-content\/uploads\/2025\/12\/DSC_6533.jpg\" class=\"attachment-full size-full\" alt=\"\" srcset=\"https:\/\/www.seairlandshots.com\/wp-content\/uploads\/2025\/12\/DSC_6533.jpg 1600w, https:\/\/www.seairlandshots.com\/wp-content\/uploads\/2025\/12\/DSC_6533-300x204.jpg 300w, https:\/\/www.seairlandshots.com\/wp-content\/uploads\/2025\/12\/DSC_6533-768x522.jpg 768w, https:\/\/www.seairlandshots.com\/wp-content\/uploads\/2025\/12\/DSC_6533-1024x696.jpg 1024w, https:\/\/www.seairlandshots.com\/wp-content\/uploads\/2025\/12\/DSC_6533-110x75.jpg 110w\" sizes=\"auto, (max-width: 1600px) 100vw, 1600px\" \/><\/a>\n\t\t\t<\/div><\/figure><figure class='gallery-item'>\n\t\t\t<div class='gallery-icon landscape'>\n\t\t\t\t<a href='https:\/\/www.seairlandshots.com\/wp-content\/uploads\/2025\/12\/DSC_6588.jpg'><img loading=\"lazy\" decoding=\"async\" width=\"1600\" height=\"1067\" src=\"https:\/\/www.seairlandshots.com\/wp-content\/uploads\/2025\/12\/DSC_6588.jpg\" class=\"attachment-full size-full\" alt=\"\" srcset=\"https:\/\/www.seairlandshots.com\/wp-content\/uploads\/2025\/12\/DSC_6588.jpg 1600w, https:\/\/www.seairlandshots.com\/wp-content\/uploads\/2025\/12\/DSC_6588-300x200.jpg 300w, https:\/\/www.seairlandshots.com\/wp-content\/uploads\/2025\/12\/DSC_6588-768x512.jpg 768w, https:\/\/www.seairlandshots.com\/wp-content\/uploads\/2025\/12\/DSC_6588-1024x683.jpg 1024w\" sizes=\"auto, (max-width: 1600px) 100vw, 1600px\" \/><\/a>\n\t\t\t<\/div><\/figure>\n\t\t<\/div>\n\n<p class=\"p2\"><span class=\"s1\">VELIVOLI E PAESI PARTECIPANTI<\/span><\/p>\n<p class=\"p2\"><span class=\"s1\">Sulla base di\u00a0Istrana\u00a0sono stati basati\u00a0tre\u00a0aerei\u00a0McDonnell-Douglas F-4E Phantom\u00a0II turchi \u00a0del\u00a0111\u00b0 Filo\u00a0della\u00a0THK \u2013 Turk Hava\u00a0Kuvvetleri\u00a0(basati a\u00a0Eskisehir),\u00a0che hanno volato missioni quotidiane assieme agli\u00a0Eurofighter Typhoon F-2000\u00a0del\u00a051\u00b0 Stormo\u00a0dell\u2019Aeronautica Militare.<\/span><\/p>\n<p><img loading=\"lazy\" decoding=\"async\" class=\"aligncenter size-full wp-image-7390\" src=\"https:\/\/www.seairlandshots.com\/wp-content\/uploads\/2025\/12\/DSC_8068-.jpg\" alt=\"\" width=\"1600\" height=\"1000\" srcset=\"https:\/\/www.seairlandshots.com\/wp-content\/uploads\/2025\/12\/DSC_8068-.jpg 1600w, https:\/\/www.seairlandshots.com\/wp-content\/uploads\/2025\/12\/DSC_8068--300x188.jpg 300w, https:\/\/www.seairlandshots.com\/wp-content\/uploads\/2025\/12\/DSC_8068--768x480.jpg 768w, https:\/\/www.seairlandshots.com\/wp-content\/uploads\/2025\/12\/DSC_8068--1024x640.jpg 1024w\" sizes=\"auto, (max-width: 1600px) 100vw, 1600px\" \/><\/p>\n<p><img loading=\"lazy\" decoding=\"async\" class=\"aligncenter size-full wp-image-7393\" src=\"https:\/\/www.seairlandshots.com\/wp-content\/uploads\/2025\/12\/DSC_8169-Modifica.jpg\" alt=\"\" width=\"1600\" height=\"1026\" srcset=\"https:\/\/www.seairlandshots.com\/wp-content\/uploads\/2025\/12\/DSC_8169-Modifica.jpg 1600w, https:\/\/www.seairlandshots.com\/wp-content\/uploads\/2025\/12\/DSC_8169-Modifica-300x192.jpg 300w, https:\/\/www.seairlandshots.com\/wp-content\/uploads\/2025\/12\/DSC_8169-Modifica-768x492.jpg 768w, https:\/\/www.seairlandshots.com\/wp-content\/uploads\/2025\/12\/DSC_8169-Modifica-1024x657.jpg 1024w\" sizes=\"auto, (max-width: 1600px) 100vw, 1600px\" \/><\/p>\n<p class=\"p4\"><span class=\"s1\">Le attivit\u00e0 addestrative hanno coinvolto personale e numerosi assetti delle Forze Armate italiane, dell&#8217;Aeronautica Militare statunitense di base ad Aviano (Italia) e dell&#8217;Aeronautica Militare turca (THK). Tra i velivoli addestrativi impiegati figurano caccia F-35A, EF-2000A, EF-2000B e Tornado, velivoli da trasporto C-130J e assetti di supporto, con il pattugliatore marittimo P72A, il rifornitore aereo KC-767A e la piattaforma di Comando e Controllo Aereo (Air C2) E-550A CAEW dell&#8217;Aeronautica Militare italiana; poi componenti terrestri e navali: F-35B e AV-8B Harrier della Marina Militare italiana, operatori JTAC (Joint Terminal Attack Controller) dell&#8217;Esercito italiano. USAF presente con caccia F-16 del 31\u00b0 Fighter Wing di Aviano ed aeronautica turca presente con i datati ma ancora affidabili F-4E Phantom II, tra i quali un velivolo con la livrea speciale \u201cAtaturk\u201d.<\/span><\/p>\n<p><img loading=\"lazy\" decoding=\"async\" class=\"aligncenter size-full wp-image-7383\" src=\"https:\/\/www.seairlandshots.com\/wp-content\/uploads\/2025\/12\/DSC_7857.jpg\" alt=\"\" width=\"1600\" height=\"1000\" srcset=\"https:\/\/www.seairlandshots.com\/wp-content\/uploads\/2025\/12\/DSC_7857.jpg 1600w, https:\/\/www.seairlandshots.com\/wp-content\/uploads\/2025\/12\/DSC_7857-300x188.jpg 300w, https:\/\/www.seairlandshots.com\/wp-content\/uploads\/2025\/12\/DSC_7857-768x480.jpg 768w, https:\/\/www.seairlandshots.com\/wp-content\/uploads\/2025\/12\/DSC_7857-1024x640.jpg 1024w\" sizes=\"auto, (max-width: 1600px) 100vw, 1600px\" \/><img loading=\"lazy\" decoding=\"async\" class=\"aligncenter size-full wp-image-7381\" src=\"https:\/\/www.seairlandshots.com\/wp-content\/uploads\/2025\/12\/DSC_7644.jpg\" alt=\"\" width=\"1600\" height=\"1000\" srcset=\"https:\/\/www.seairlandshots.com\/wp-content\/uploads\/2025\/12\/DSC_7644.jpg 1600w, https:\/\/www.seairlandshots.com\/wp-content\/uploads\/2025\/12\/DSC_7644-300x188.jpg 300w, https:\/\/www.seairlandshots.com\/wp-content\/uploads\/2025\/12\/DSC_7644-768x480.jpg 768w, https:\/\/www.seairlandshots.com\/wp-content\/uploads\/2025\/12\/DSC_7644-1024x640.jpg 1024w\" sizes=\"auto, (max-width: 1600px) 100vw, 1600px\" \/><\/p>\n<p class=\"p4\"><span class=\"s1\">P<\/span><span class=\"s1\">OGGIO DART 2025: LA MISSIONE<\/span><\/p>\n<p class=\"p4\"><span class=\"s1\">Uno degli obiettivi principali era quello di formare l&#8217;intero spettro del personale, tra cui equipaggi, personale tecnico, specialisti della logistica, pianificatori, consulenti legali e controllori della difesa aerea e missilistica integrata (IAMD), in tutti gli aspetti critici per il successo di una missione di difesa aerea della NATO.<\/span><\/p>\n<p class=\"p4\"><span class=\"s1\">Il Generale di Divisione Aerea Luca MAINERI, Comandante del DACCC, ha sottolineato l&#8217;importanza strategica dell&#8217;evento: \u201c<i>Con l&#8217;esercitazione PODA25, il DACCC rafforza la capacit\u00e0 delle forze di difesa della NATO di agire all&#8217;unisono in un contesto moderno e complesso, garantendo sicurezza e prontezza operativa in ogni scenario, dimostrando la coesione e l&#8217;efficienza dell&#8217;Alleanza sul campo<\/i>.\u201d <\/span><\/p>\n<p class=\"p6\"><span class=\"s1\">PODA25 ha offerto un&#8217;opportunit\u00e0 preziosa per implementare il concetto di Agile Combat Employment (ACE). Ci\u00f2 \u00e8 stato dimostrato attraverso il ridispiegamento logistico e tecnico del Deployable Air Defence Radar (DADR), un radar mobile fondamentale per la sorveglianza integrata, presso la base aerea di Cervia, che ha evidenziato la capacit\u00e0 di sincronizzazione delle attivit\u00e0 operative e logistiche tra le nazioni appartenenti all\u2019Alleanza. <\/span><\/p>\n<div id='gallery-2' class='gallery galleryid-7372 gallery-columns-2 gallery-size-full'><figure class='gallery-item'>\n\t\t\t<div class='gallery-icon landscape'>\n\t\t\t\t<a href='https:\/\/www.seairlandshots.com\/wp-content\/uploads\/2025\/12\/DSC_7981.jpg'><img loading=\"lazy\" decoding=\"async\" width=\"1600\" height=\"1000\" src=\"https:\/\/www.seairlandshots.com\/wp-content\/uploads\/2025\/12\/DSC_7981.jpg\" class=\"attachment-full size-full\" alt=\"\" aria-describedby=\"gallery-2-7403\" srcset=\"https:\/\/www.seairlandshots.com\/wp-content\/uploads\/2025\/12\/DSC_7981.jpg 1600w, https:\/\/www.seairlandshots.com\/wp-content\/uploads\/2025\/12\/DSC_7981-300x188.jpg 300w, https:\/\/www.seairlandshots.com\/wp-content\/uploads\/2025\/12\/DSC_7981-768x480.jpg 768w, https:\/\/www.seairlandshots.com\/wp-content\/uploads\/2025\/12\/DSC_7981-1024x640.jpg 1024w\" sizes=\"auto, (max-width: 1600px) 100vw, 1600px\" \/><\/a>\n\t\t\t<\/div>\n\t\t\t\t<figcaption class='wp-caption-text gallery-caption' id='gallery-2-7403'>\n\t\t\t\tMcDonnell-Douglas F-4E Phantom\u00a0II\n\t\t\t\t<\/figcaption><\/figure><figure class='gallery-item'>\n\t\t\t<div class='gallery-icon landscape'>\n\t\t\t\t<a href='https:\/\/www.seairlandshots.com\/wp-content\/uploads\/2025\/12\/DSC_8404.jpg'><img loading=\"lazy\" decoding=\"async\" width=\"1600\" height=\"1000\" src=\"https:\/\/www.seairlandshots.com\/wp-content\/uploads\/2025\/12\/DSC_8404.jpg\" class=\"attachment-full size-full\" alt=\"\" srcset=\"https:\/\/www.seairlandshots.com\/wp-content\/uploads\/2025\/12\/DSC_8404.jpg 1600w, https:\/\/www.seairlandshots.com\/wp-content\/uploads\/2025\/12\/DSC_8404-300x188.jpg 300w, https:\/\/www.seairlandshots.com\/wp-content\/uploads\/2025\/12\/DSC_8404-768x480.jpg 768w, https:\/\/www.seairlandshots.com\/wp-content\/uploads\/2025\/12\/DSC_8404-1024x640.jpg 1024w\" sizes=\"auto, (max-width: 1600px) 100vw, 1600px\" \/><\/a>\n\t\t\t<\/div><\/figure><figure class='gallery-item'>\n\t\t\t<div class='gallery-icon landscape'>\n\t\t\t\t<a href='https:\/\/www.seairlandshots.com\/wp-content\/uploads\/2025\/12\/DSC_7672.jpg'><img loading=\"lazy\" decoding=\"async\" width=\"1600\" height=\"1000\" src=\"https:\/\/www.seairlandshots.com\/wp-content\/uploads\/2025\/12\/DSC_7672.jpg\" class=\"attachment-full size-full\" alt=\"\" srcset=\"https:\/\/www.seairlandshots.com\/wp-content\/uploads\/2025\/12\/DSC_7672.jpg 1600w, https:\/\/www.seairlandshots.com\/wp-content\/uploads\/2025\/12\/DSC_7672-300x188.jpg 300w, https:\/\/www.seairlandshots.com\/wp-content\/uploads\/2025\/12\/DSC_7672-768x480.jpg 768w, https:\/\/www.seairlandshots.com\/wp-content\/uploads\/2025\/12\/DSC_7672-1024x640.jpg 1024w\" sizes=\"auto, (max-width: 1600px) 100vw, 1600px\" \/><\/a>\n\t\t\t<\/div><\/figure><figure class='gallery-item'>\n\t\t\t<div class='gallery-icon landscape'>\n\t\t\t\t<a href='https:\/\/www.seairlandshots.com\/wp-content\/uploads\/2025\/12\/DSC_7719.jpg'><img loading=\"lazy\" decoding=\"async\" width=\"1600\" height=\"1000\" src=\"https:\/\/www.seairlandshots.com\/wp-content\/uploads\/2025\/12\/DSC_7719.jpg\" class=\"attachment-full size-full\" alt=\"\" srcset=\"https:\/\/www.seairlandshots.com\/wp-content\/uploads\/2025\/12\/DSC_7719.jpg 1600w, https:\/\/www.seairlandshots.com\/wp-content\/uploads\/2025\/12\/DSC_7719-300x188.jpg 300w, https:\/\/www.seairlandshots.com\/wp-content\/uploads\/2025\/12\/DSC_7719-768x480.jpg 768w, https:\/\/www.seairlandshots.com\/wp-content\/uploads\/2025\/12\/DSC_7719-1024x640.jpg 1024w\" sizes=\"auto, (max-width: 1600px) 100vw, 1600px\" \/><\/a>\n\t\t\t<\/div><\/figure><figure class='gallery-item'>\n\t\t\t<div class='gallery-icon landscape'>\n\t\t\t\t<a href='https:\/\/www.seairlandshots.com\/wp-content\/uploads\/2025\/12\/DSC_7999.jpg'><img loading=\"lazy\" decoding=\"async\" width=\"1600\" height=\"1000\" src=\"https:\/\/www.seairlandshots.com\/wp-content\/uploads\/2025\/12\/DSC_7999.jpg\" class=\"attachment-full size-full\" alt=\"\" aria-describedby=\"gallery-2-7385\" srcset=\"https:\/\/www.seairlandshots.com\/wp-content\/uploads\/2025\/12\/DSC_7999.jpg 1600w, https:\/\/www.seairlandshots.com\/wp-content\/uploads\/2025\/12\/DSC_7999-300x188.jpg 300w, https:\/\/www.seairlandshots.com\/wp-content\/uploads\/2025\/12\/DSC_7999-768x480.jpg 768w, https:\/\/www.seairlandshots.com\/wp-content\/uploads\/2025\/12\/DSC_7999-1024x640.jpg 1024w\" sizes=\"auto, (max-width: 1600px) 100vw, 1600px\" \/><\/a>\n\t\t\t<\/div>\n\t\t\t\t<figcaption class='wp-caption-text gallery-caption' id='gallery-2-7385'>\n\t\t\t\tMcDonnell-Douglas F-4E Phantom\u00a0II\n\t\t\t\t<\/figcaption><\/figure><figure class='gallery-item'>\n\t\t\t<div class='gallery-icon landscape'>\n\t\t\t\t<a href='https:\/\/www.seairlandshots.com\/wp-content\/uploads\/2025\/12\/DSC_8046.jpg'><img loading=\"lazy\" decoding=\"async\" width=\"1600\" height=\"1000\" src=\"https:\/\/www.seairlandshots.com\/wp-content\/uploads\/2025\/12\/DSC_8046.jpg\" class=\"attachment-full size-full\" alt=\"\" aria-describedby=\"gallery-2-7387\" srcset=\"https:\/\/www.seairlandshots.com\/wp-content\/uploads\/2025\/12\/DSC_8046.jpg 1600w, https:\/\/www.seairlandshots.com\/wp-content\/uploads\/2025\/12\/DSC_8046-300x188.jpg 300w, https:\/\/www.seairlandshots.com\/wp-content\/uploads\/2025\/12\/DSC_8046-768x480.jpg 768w, https:\/\/www.seairlandshots.com\/wp-content\/uploads\/2025\/12\/DSC_8046-1024x640.jpg 1024w\" sizes=\"auto, (max-width: 1600px) 100vw, 1600px\" \/><\/a>\n\t\t\t<\/div>\n\t\t\t\t<figcaption class='wp-caption-text gallery-caption' id='gallery-2-7387'>\n\t\t\t\tMcDonnell-Douglas F-4E Phantom\u00a0II\n\t\t\t\t<\/figcaption><\/figure>\n\t\t<\/div>\n\n<p class=\"p6\"><span class=\"s1\">Dopo il dispiegamento, il Deployable Air Operation Center (DAOC) ha guidato la fase di pianificazione, eseguendo le complesse operazioni necessarie per produrre l&#8217;Air Tasking Order (ATO), che guidava tutte le unit\u00e0 partecipanti nell&#8217;ambiente multi-dominio. Durante la fase culminante &#8220;live&#8221;, i team e gli equipaggi partecipanti hanno migliorato l&#8217;interoperabilit\u00e0 tra i sistemi NATO e nazionali esercitandosi con vere missioni aeree, intercettazioni e simulazioni di attacco\/difesa. <\/span><\/p>\n<p class=\"p6\"><span class=\"s1\">Il Deployable Air Control and Reporting System (DARS) ha svolto un ruolo fondamentale durante queste missioni. Il DARS, una sala operativa completamente dispiegabile, utilizza capacit\u00e0 tattiche avanzate per integrare dati provenienti da diverse fonti. Si interfaccia perfettamente con numerosi assetti NATO e nazionali, consentendo all&#8217;Alleanza di dirigere tatticamente le missioni aeree, monitorare lo spazio aereo e coordinare le attivit\u00e0 aeree alleate direttamente &#8220;sul campo&#8221;. Attraverso l&#8217;uso coordinato dei suoi assetti dispiegabili (DADR e DARS), il DACCC ha confermato la sua capacit\u00e0 di operare come nodo di Comando e Controllo autonomo e completamente interoperabile, indipendente da infrastrutture fisse.<\/span><\/p>\n<p><img loading=\"lazy\" decoding=\"async\" class=\"aligncenter size-full wp-image-7407\" src=\"https:\/\/www.seairlandshots.com\/wp-content\/uploads\/2025\/12\/DSC_7996.jpg\" alt=\"\" width=\"1600\" height=\"1000\" srcset=\"https:\/\/www.seairlandshots.com\/wp-content\/uploads\/2025\/12\/DSC_7996.jpg 1600w, https:\/\/www.seairlandshots.com\/wp-content\/uploads\/2025\/12\/DSC_7996-300x188.jpg 300w, https:\/\/www.seairlandshots.com\/wp-content\/uploads\/2025\/12\/DSC_7996-768x480.jpg 768w, https:\/\/www.seairlandshots.com\/wp-content\/uploads\/2025\/12\/DSC_7996-1024x640.jpg 1024w\" sizes=\"auto, (max-width: 1600px) 100vw, 1600px\" \/> <img loading=\"lazy\" decoding=\"async\" class=\"aligncenter size-full wp-image-7380\" src=\"https:\/\/www.seairlandshots.com\/wp-content\/uploads\/2025\/12\/DSC_6627.jpg\" alt=\"\" width=\"1600\" height=\"1000\" srcset=\"https:\/\/www.seairlandshots.com\/wp-content\/uploads\/2025\/12\/DSC_6627.jpg 1600w, https:\/\/www.seairlandshots.com\/wp-content\/uploads\/2025\/12\/DSC_6627-300x188.jpg 300w, https:\/\/www.seairlandshots.com\/wp-content\/uploads\/2025\/12\/DSC_6627-768x480.jpg 768w, https:\/\/www.seairlandshots.com\/wp-content\/uploads\/2025\/12\/DSC_6627-1024x640.jpg 1024w\" sizes=\"auto, (max-width: 1600px) 100vw, 1600px\" \/> <img loading=\"lazy\" decoding=\"async\" class=\"aligncenter size-full wp-image-7386\" src=\"https:\/\/www.seairlandshots.com\/wp-content\/uploads\/2025\/12\/DSC_8016.jpg\" alt=\"\" width=\"1600\" height=\"1000\" srcset=\"https:\/\/www.seairlandshots.com\/wp-content\/uploads\/2025\/12\/DSC_8016.jpg 1600w, https:\/\/www.seairlandshots.com\/wp-content\/uploads\/2025\/12\/DSC_8016-300x188.jpg 300w, https:\/\/www.seairlandshots.com\/wp-content\/uploads\/2025\/12\/DSC_8016-768x480.jpg 768w, https:\/\/www.seairlandshots.com\/wp-content\/uploads\/2025\/12\/DSC_8016-1024x640.jpg 1024w\" sizes=\"auto, (max-width: 1600px) 100vw, 1600px\" \/><\/p>\n<p class=\"p7\"><span class=\"s1\">Compiti principali del DACCC.<\/span><\/p>\n<p class=\"p6\"><span class=\"s1\">In periodi di crisi e su ordine di AIRCOM, il DACCC si riconfigura per assolvere tre compiti principali:<\/span><\/p>\n<p class=\"p6\"><span class=\"s1\">\u2022 Rafforzamento del NATO Joint Force Air Component (JFAC), struttura di comando e controllo che viene attivata, all\u2019occorrenza, durante una crisi. Il suo compito \u00e8 quello di pianificare, sviluppare, assegnare e condurre missioni aeree.\u00a0<\/span><\/p>\n<p class=\"p6\"><span class=\"s1\">\u2022 Rischieramento del pacchetto Deployable Air Control Centre, Recognized Air Picture Production Centre and Sensor Fusion Post (DARS), nonch\u00e8 dei sensori radar attivi e passivi (DADR e DPET) e dei moduli Ground-Air-Ground (GAG);<\/span><\/p>\n<p class=\"p6\"><span class=\"s1\">\u2022 Rischieramento del Deployable Air Operation Centre (DAOC) quale nodo di comando e controllo aereo (AirC2) aggiuntivo per pianificare e gestire operazioni aeree in supporto alla struttura del tempo di pace dell\u2019Alleanza.<\/span><\/p>\n<div id='gallery-3' class='gallery galleryid-7372 gallery-columns-2 gallery-size-full'><figure class='gallery-item'>\n\t\t\t<div class='gallery-icon landscape'>\n\t\t\t\t<a href='https:\/\/www.seairlandshots.com\/wp-content\/uploads\/2025\/12\/DSC_8051.jpg'><img loading=\"lazy\" decoding=\"async\" width=\"1600\" height=\"1000\" src=\"https:\/\/www.seairlandshots.com\/wp-content\/uploads\/2025\/12\/DSC_8051.jpg\" class=\"attachment-full size-full\" alt=\"\" srcset=\"https:\/\/www.seairlandshots.com\/wp-content\/uploads\/2025\/12\/DSC_8051.jpg 1600w, https:\/\/www.seairlandshots.com\/wp-content\/uploads\/2025\/12\/DSC_8051-300x188.jpg 300w, https:\/\/www.seairlandshots.com\/wp-content\/uploads\/2025\/12\/DSC_8051-768x480.jpg 768w, https:\/\/www.seairlandshots.com\/wp-content\/uploads\/2025\/12\/DSC_8051-1024x640.jpg 1024w\" sizes=\"auto, (max-width: 1600px) 100vw, 1600px\" \/><\/a>\n\t\t\t<\/div><\/figure><figure class='gallery-item'>\n\t\t\t<div class='gallery-icon landscape'>\n\t\t\t\t<a href='https:\/\/www.seairlandshots.com\/wp-content\/uploads\/2025\/12\/DSC_8062.jpg'><img loading=\"lazy\" decoding=\"async\" width=\"1600\" height=\"1000\" src=\"https:\/\/www.seairlandshots.com\/wp-content\/uploads\/2025\/12\/DSC_8062.jpg\" class=\"attachment-full size-full\" alt=\"\" srcset=\"https:\/\/www.seairlandshots.com\/wp-content\/uploads\/2025\/12\/DSC_8062.jpg 1600w, https:\/\/www.seairlandshots.com\/wp-content\/uploads\/2025\/12\/DSC_8062-300x188.jpg 300w, https:\/\/www.seairlandshots.com\/wp-content\/uploads\/2025\/12\/DSC_8062-768x480.jpg 768w, https:\/\/www.seairlandshots.com\/wp-content\/uploads\/2025\/12\/DSC_8062-1024x640.jpg 1024w\" sizes=\"auto, (max-width: 1600px) 100vw, 1600px\" \/><\/a>\n\t\t\t<\/div><\/figure><figure class='gallery-item'>\n\t\t\t<div class='gallery-icon landscape'>\n\t\t\t\t<a href='https:\/\/www.seairlandshots.com\/wp-content\/uploads\/2025\/12\/DSC_7831.jpg'><img loading=\"lazy\" decoding=\"async\" width=\"1600\" height=\"1000\" src=\"https:\/\/www.seairlandshots.com\/wp-content\/uploads\/2025\/12\/DSC_7831.jpg\" class=\"attachment-full size-full\" alt=\"\" srcset=\"https:\/\/www.seairlandshots.com\/wp-content\/uploads\/2025\/12\/DSC_7831.jpg 1600w, https:\/\/www.seairlandshots.com\/wp-content\/uploads\/2025\/12\/DSC_7831-300x188.jpg 300w, https:\/\/www.seairlandshots.com\/wp-content\/uploads\/2025\/12\/DSC_7831-768x480.jpg 768w, https:\/\/www.seairlandshots.com\/wp-content\/uploads\/2025\/12\/DSC_7831-1024x640.jpg 1024w\" sizes=\"auto, (max-width: 1600px) 100vw, 1600px\" \/><\/a>\n\t\t\t<\/div><\/figure><figure class='gallery-item'>\n\t\t\t<div class='gallery-icon landscape'>\n\t\t\t\t<a href='https:\/\/www.seairlandshots.com\/wp-content\/uploads\/2025\/12\/DSC_8090.jpg'><img loading=\"lazy\" decoding=\"async\" width=\"1600\" height=\"1000\" src=\"https:\/\/www.seairlandshots.com\/wp-content\/uploads\/2025\/12\/DSC_8090.jpg\" class=\"attachment-full size-full\" alt=\"\" srcset=\"https:\/\/www.seairlandshots.com\/wp-content\/uploads\/2025\/12\/DSC_8090.jpg 1600w, https:\/\/www.seairlandshots.com\/wp-content\/uploads\/2025\/12\/DSC_8090-300x188.jpg 300w, https:\/\/www.seairlandshots.com\/wp-content\/uploads\/2025\/12\/DSC_8090-768x480.jpg 768w, https:\/\/www.seairlandshots.com\/wp-content\/uploads\/2025\/12\/DSC_8090-1024x640.jpg 1024w\" sizes=\"auto, (max-width: 1600px) 100vw, 1600px\" \/><\/a>\n\t\t\t<\/div><\/figure><figure class='gallery-item'>\n\t\t\t<div class='gallery-icon landscape'>\n\t\t\t\t<a href='https:\/\/www.seairlandshots.com\/wp-content\/uploads\/2025\/12\/DSC_8272.jpg'><img loading=\"lazy\" decoding=\"async\" width=\"1600\" height=\"1000\" src=\"https:\/\/www.seairlandshots.com\/wp-content\/uploads\/2025\/12\/DSC_8272.jpg\" class=\"attachment-full size-full\" alt=\"\" srcset=\"https:\/\/www.seairlandshots.com\/wp-content\/uploads\/2025\/12\/DSC_8272.jpg 1600w, https:\/\/www.seairlandshots.com\/wp-content\/uploads\/2025\/12\/DSC_8272-300x188.jpg 300w, https:\/\/www.seairlandshots.com\/wp-content\/uploads\/2025\/12\/DSC_8272-768x480.jpg 768w, https:\/\/www.seairlandshots.com\/wp-content\/uploads\/2025\/12\/DSC_8272-1024x640.jpg 1024w\" sizes=\"auto, (max-width: 1600px) 100vw, 1600px\" \/><\/a>\n\t\t\t<\/div><\/figure><figure class='gallery-item'>\n\t\t\t<div class='gallery-icon landscape'>\n\t\t\t\t<a href='https:\/\/www.seairlandshots.com\/wp-content\/uploads\/2025\/12\/DSC_8394.jpg'><img loading=\"lazy\" decoding=\"async\" width=\"1600\" height=\"1000\" src=\"https:\/\/www.seairlandshots.com\/wp-content\/uploads\/2025\/12\/DSC_8394.jpg\" class=\"attachment-full size-full\" alt=\"\" srcset=\"https:\/\/www.seairlandshots.com\/wp-content\/uploads\/2025\/12\/DSC_8394.jpg 1600w, https:\/\/www.seairlandshots.com\/wp-content\/uploads\/2025\/12\/DSC_8394-300x188.jpg 300w, https:\/\/www.seairlandshots.com\/wp-content\/uploads\/2025\/12\/DSC_8394-768x480.jpg 768w, https:\/\/www.seairlandshots.com\/wp-content\/uploads\/2025\/12\/DSC_8394-1024x640.jpg 1024w\" sizes=\"auto, (max-width: 1600px) 100vw, 1600px\" \/><\/a>\n\t\t\t<\/div><\/figure>\n\t\t<\/div>\n\n<p><img loading=\"lazy\" decoding=\"async\" class=\"aligncenter size-full wp-image-7408\" src=\"https:\/\/www.seairlandshots.com\/wp-content\/uploads\/2025\/12\/DSC_8056.jpg\" alt=\"\" width=\"1600\" height=\"1000\" srcset=\"https:\/\/www.seairlandshots.com\/wp-content\/uploads\/2025\/12\/DSC_8056.jpg 1600w, https:\/\/www.seairlandshots.com\/wp-content\/uploads\/2025\/12\/DSC_8056-300x188.jpg 300w, https:\/\/www.seairlandshots.com\/wp-content\/uploads\/2025\/12\/DSC_8056-768x480.jpg 768w, https:\/\/www.seairlandshots.com\/wp-content\/uploads\/2025\/12\/DSC_8056-1024x640.jpg 1024w\" sizes=\"auto, (max-width: 1600px) 100vw, 1600px\" \/><\/p>\n<p class=\"p10\"><span class=\"s1\">LO SPOTTER DAY<\/span><\/p>\n<p class=\"p11\"><span class=\"s1\">Per l&#8217;edizione Poggio Dart 2025, in continuit\u00e0 con le precedenti, la Base di Istrana ha confermato la sua apertura verso la comunit\u00e0 degli appassionati di aviazione. Il 3 dicembre \u00e8 stato organizzato uno\u00a0<b>&#8220;Spotter Day&#8221;<\/b>\u00a0dedicato, offrendo ai fotografi specializzati e media, la rara opportunit\u00e0 di documentare da vicino l\u2019attivit\u00e0 di volo operativa, con la presenza di velivoli di diverse nazioni. Una giornata non ideale per il meteo, ha comunque regalato condizioni particolari di luce e soddisfatto pienamente i tanti presenti.<\/span><\/p>\n<p class=\"p11\"><span class=\"s1\">Istrana \u00e8 da considerarsi una pietra miliare in tema di accoglienza e coinvolgimento del mondo degli appassionati di fotografia aeronautica. La presenza di velivoli &#8220;special color\u201d, in questa occasione il Phantom turco rosso\/bianco \u201cAtaturk\u201d, dedicato al fondatore della moderna\u00a0Turchia, ha reso l&#8217;evento particolarmente attrattivo per gli spotter.<\/span><\/p>\n<p class=\"p11\"><span class=\"s1\">Eventi come uno Spotter Day non solo soddisfano l&#8217;interesse pubblico, ma sottolineano anche la trasparenza e il legame tra le Forze Armate e la cittadinanza. Organizzati dai \u201cGatti Neri\u201d, non sono trascurabili eventi aperti alla comunit\u00e0 per progetti di solidariet\u00e0, come &#8220;Base Istrana Charity Run\u201d o l\u2019adesione ai programmi di beneficenza sostenuti da A.M. come \u00a0&#8220;Un dono dal cielo per il Bambino Ges\u00f9&#8221; e &#8220;La Nostra Famiglia&#8221;.<\/span><\/p>\n<p class=\"p14\"><span class=\"s1\"><i>Si ringraziano il Comando del 51\u00b0 Stormo, il PAO e tutto il personale presente per la splendida organizzazione, cordiale disponibilit\u00e0 ed assistenza.<\/i><\/span><\/p>\n<p><img loading=\"lazy\" decoding=\"async\" class=\"aligncenter size-full wp-image-7394\" src=\"https:\/\/www.seairlandshots.com\/wp-content\/uploads\/2025\/12\/DSC_8191.jpg\" alt=\"\" width=\"1600\" height=\"1000\" srcset=\"https:\/\/www.seairlandshots.com\/wp-content\/uploads\/2025\/12\/DSC_8191.jpg 1600w, https:\/\/www.seairlandshots.com\/wp-content\/uploads\/2025\/12\/DSC_8191-300x188.jpg 300w, https:\/\/www.seairlandshots.com\/wp-content\/uploads\/2025\/12\/DSC_8191-768x480.jpg 768w, https:\/\/www.seairlandshots.com\/wp-content\/uploads\/2025\/12\/DSC_8191-1024x640.jpg 1024w\" sizes=\"auto, (max-width: 1600px) 100vw, 1600px\" \/><\/p>\n<p class=\"p14\"><span class=\"s1\"><i>Fonti:<\/i><\/span><\/p>\n<ul>\n<li class=\"p14\"><span class=\"s1\"><i>Aeronautica Militare<\/i><\/span><\/li>\n<li class=\"p14\"><span class=\"s1\"><i>Ufficio Affari Pubblici &#8211; Allied Air Command<\/i><\/span><\/li>\n<\/ul>\n","protected":false},"excerpt":{"rendered":"<p>Dal 24 novembre al 4 dicembre 2025, si \u00e8 svolta l&#8217;esercitazione NATO \u201cPoggio Dart 25\u201d (PODA25). Ospitata dall&#8217;Aeronautica Militare e guidata dal \u201cCentro di Comando e Controllo Aereo Dispiegabile\u201d, Deployable\u00a0Air\u00a0Command\u00a0and\u00a0Control\u00a0Center (DACCC) di Poggio Renatico. PODA 25 \u00e8 un&#8217;esercitazione chiave e di ampio respiro,\u00a0 che ha visto impegnati assetti reali e virtuali delle aeronautiche\u00a0NATO,\u00a0dislocata sul territorio &hellip;<\/p>\n","protected":false},"author":11,"featured_media":7396,"comment_status":"closed","ping_status":"closed","sticky":false,"template":"","format":"standard","meta":{"footnotes":""},"categories":[5,35,115],"tags":[322,57,145,164,49,18,321,320],"class_list":["post-7372","post","type-post","status-publish","format-standard","has-post-thumbnail","","category-aeronautica_militare","category-exercises","category-slider","tag-51-stormo","tag-aeronautica-militare","tag-esercitazione","tag-istrana","tag-luigi-sani","tag-nato","tag-poggio-dart","tag-turchia"],"_links":{"self":[{"href":"https:\/\/www.seairlandshots.com\/index.php\/wp-json\/wp\/v2\/posts\/7372","targetHints":{"allow":["GET"]}}],"collection":[{"href":"https:\/\/www.seairlandshots.com\/index.php\/wp-json\/wp\/v2\/posts"}],"about":[{"href":"https:\/\/www.seairlandshots.com\/index.php\/wp-json\/wp\/v2\/types\/post"}],"author":[{"embeddable":true,"href":"https:\/\/www.seairlandshots.com\/index.php\/wp-json\/wp\/v2\/users\/11"}],"replies":[{"embeddable":true,"href":"https:\/\/www.seairlandshots.com\/index.php\/wp-json\/wp\/v2\/comments?post=7372"}],"version-history":[{"count":8,"href":"https:\/\/www.seairlandshots.com\/index.php\/wp-json\/wp\/v2\/posts\/7372\/revisions"}],"predecessor-version":[{"id":7412,"href":"https:\/\/www.seairlandshots.com\/index.php\/wp-json\/wp\/v2\/posts\/7372\/revisions\/7412"}],"wp:featuredmedia":[{"embeddable":true,"href":"https:\/\/www.seairlandshots.com\/index.php\/wp-json\/wp\/v2\/media\/7396"}],"wp:attachment":[{"href":"https:\/\/www.seairlandshots.com\/index.php\/wp-json\/wp\/v2\/media?parent=7372"}],"wp:term":[{"taxonomy":"category","embeddable":true,"href":"https:\/\/www.seairlandshots.com\/index.php\/wp-json\/wp\/v2\/categories?post=7372"},{"taxonomy":"post_tag","embeddable":true,"href":"https:\/\/www.seairlandshots.com\/index.php\/wp-json\/wp\/v2\/tags?post=7372"}],"curies":[{"name":"wp","href":"https:\/\/api.w.org\/{rel}","templated":true}]}}