{"id":721,"date":"2018-01-23T11:23:39","date_gmt":"2018-01-23T10:23:39","guid":{"rendered":"https:\/\/www.seairlandshots.com\/?p=721"},"modified":"2018-01-23T11:23:39","modified_gmt":"2018-01-23T10:23:39","slug":"il-cambiamento-del-41-stormo-cambio-di-velivolo-e-di-specialita","status":"publish","type":"post","link":"https:\/\/www.seairlandshots.com\/index.php\/2018\/01\/23\/il-cambiamento-del-41-stormo-cambio-di-velivolo-e-di-specialita\/","title":{"rendered":"IL CAMBIAMENTO DEL 41\u00b0 STORMO &#8211; Cambio di velivolo e di specialit\u00e0"},"content":{"rendered":"<div class=\"box shadow  \"><div class=\"box-inner-block\"><i class=\"fa tie-shortcode-boxicon\"><\/i>\n\t\t\tTesto e foto Letterio Trimarchi\n\t\t\t<\/div><\/div>\n<p><a href=\"https:\/\/www.seairlandshots.com\/wp-content\/uploads\/2018\/01\/10-1.jpg\"><img loading=\"lazy\" decoding=\"async\" class=\"aligncenter size-full wp-image-725\" src=\"https:\/\/www.seairlandshots.com\/wp-content\/uploads\/2018\/01\/10-1.jpg\" alt=\"\" width=\"892\" height=\"597\" srcset=\"https:\/\/www.seairlandshots.com\/wp-content\/uploads\/2018\/01\/10-1.jpg 892w, https:\/\/www.seairlandshots.com\/wp-content\/uploads\/2018\/01\/10-1-300x201.jpg 300w, https:\/\/www.seairlandshots.com\/wp-content\/uploads\/2018\/01\/10-1-768x514.jpg 768w, https:\/\/www.seairlandshots.com\/wp-content\/uploads\/2018\/01\/10-1-110x75.jpg 110w\" sizes=\"auto, (max-width: 892px) 100vw, 892px\" \/><\/a><\/p>\n<p>Durante il periodo bellico, ed esattamente nel 1939, veniva costituito il 41\u00b0 Stormo sull\u2019aeroporto di Reggio Emilia. La sua specialit\u00e0 era il bombardamento terrestre tattico, equipaggiato con i bombardieri bimotori Fiat B.R.20 &#8220;Cicogna&#8221;. Trasferito in terra di Sicilia e poi in Libia lo Stormo venne disciolto nel 1941. Successivamente venne ricostituito come 41\u00ba Stormo Antisommergibile il 1\u00ba ottobre 1965, con disposizione dello Stato maggiore dell&#8217;Aeronautica Militare con l&#8217;87\u00ba Gruppo e l&#8217;88\u00ba Gruppo Antisommergibile ubicati a Catania Fontanarossa. Gli anni \u201960 e l\u2019inizio degli anni \u201970 erano caratterizzati da molti incidenti aerei, con la perdita di equipaggi e velivoli. Il 41\u00b0 Stormo si trasferisce dunque nel novembre 1971 all&#8217;aeroporto militare di Sigonella, e viene intitolato al Capitano Pilota Athos Ammannato M.O.V.M. . Nel 1972 lo stormo riceveva i nuovi pattugliatori marittimi Breguet 1150 Atlantic , di fabbricazione francese, \u00a0per sostituire il glorioso Grumman S2F.<\/p>\n<p>&nbsp;<\/p>\n<p><a href=\"https:\/\/www.seairlandshots.com\/wp-content\/uploads\/2018\/01\/2-2.jpg\"><img loading=\"lazy\" decoding=\"async\" class=\"aligncenter size-full wp-image-727\" src=\"https:\/\/www.seairlandshots.com\/wp-content\/uploads\/2018\/01\/2-2.jpg\" alt=\"\" width=\"960\" height=\"612\" srcset=\"https:\/\/www.seairlandshots.com\/wp-content\/uploads\/2018\/01\/2-2.jpg 960w, https:\/\/www.seairlandshots.com\/wp-content\/uploads\/2018\/01\/2-2-300x191.jpg 300w, https:\/\/www.seairlandshots.com\/wp-content\/uploads\/2018\/01\/2-2-768x490.jpg 768w\" sizes=\"auto, (max-width: 960px) 100vw, 960px\" \/><\/a><\/p>\n<p><a href=\"https:\/\/www.seairlandshots.com\/wp-content\/uploads\/2018\/01\/2-4.jpg\"><img loading=\"lazy\" decoding=\"async\" class=\"aligncenter size-full wp-image-729\" src=\"https:\/\/www.seairlandshots.com\/wp-content\/uploads\/2018\/01\/2-4.jpg\" alt=\"\" width=\"1024\" height=\"768\" srcset=\"https:\/\/www.seairlandshots.com\/wp-content\/uploads\/2018\/01\/2-4.jpg 1024w, https:\/\/www.seairlandshots.com\/wp-content\/uploads\/2018\/01\/2-4-300x225.jpg 300w, https:\/\/www.seairlandshots.com\/wp-content\/uploads\/2018\/01\/2-4-768x576.jpg 768w\" sizes=\"auto, (max-width: 1024px) 100vw, 1024px\" \/><\/a><\/p>\n<p>Si apriva un nuovo mondo per la specialit\u00e0 Antisom. Il 31 agosto 1978 l&#8217;87\u00ba Gruppo venne posto in posizione quadro.<\/p>\n<p>Gli ultimi 45 anni, fino ai giorni nostri, hanno visto il dominio assoluto nel Mediterraneo dell\u2019Atlantic, splendida macchina creata ad hoc per questa specialit\u00e0. Lunga carriera svolta con Onore, Impegno e Sacrificio di tutto il personale dello Stormo, ma soprattutto lavoro spesso effettuato nel silenzio, senza clamori. Durante la \u201cguerra fredda\u201d nell\u2019area del Mediterraneo spesso si intrecciavano le rotte di velivoli, navi e sommergibili della NATO e del Patto di Varsavia. La vigilanza era costante e continua per difendere le vie di navigazione. Nel tempo miglioravano anche i sistemi di avvistamento e rilevazione a bordo del velivolo Atlantic, nuovo radar e nuovi sensori, ma eravamo in epoca analogica, ed il fattore umano faceva ancora la differenza.<\/p>\n<p><a href=\"https:\/\/www.seairlandshots.com\/wp-content\/uploads\/2018\/01\/2-1.jpg\"><img loading=\"lazy\" decoding=\"async\" class=\"aligncenter size-full wp-image-728\" src=\"https:\/\/www.seairlandshots.com\/wp-content\/uploads\/2018\/01\/2-1.jpg\" alt=\"\" width=\"700\" height=\"479\" srcset=\"https:\/\/www.seairlandshots.com\/wp-content\/uploads\/2018\/01\/2-1.jpg 700w, https:\/\/www.seairlandshots.com\/wp-content\/uploads\/2018\/01\/2-1-300x205.jpg 300w, https:\/\/www.seairlandshots.com\/wp-content\/uploads\/2018\/01\/2-1-110x75.jpg 110w\" sizes=\"auto, (max-width: 700px) 100vw, 700px\" \/><\/a><\/p>\n<p>Negli ultimi 20 anni la situazione geo politica si \u00e8 notevolmente modificata, sono cambiati i cosiddetti nemici e quindi gli obiettivi.<\/p>\n<p>La ricerca Antisom \u00e8 stata progressivamente abbandonata per essere sostituita dalla sorveglianza delle coste e delle vie di navigazione. Nel 2002 in seguito allo scioglimento del 30\u00ba Stormo di Cagliari Elmas, la componente antisommergibile era accorpata nell&#8217;ambito del 41\u00ba Stormo, con conseguente ristrutturazione e la creazione dell&#8217;86\u00ba Gruppo C.A.E. per l&#8217;addestramento degli equipaggi.<\/p>\n<p><a href=\"https:\/\/www.seairlandshots.com\/wp-content\/uploads\/2018\/01\/3-2.jpg\"><img loading=\"lazy\" decoding=\"async\" class=\"aligncenter size-full wp-image-730\" src=\"https:\/\/www.seairlandshots.com\/wp-content\/uploads\/2018\/01\/3-2.jpg\" alt=\"\" width=\"1024\" height=\"768\" srcset=\"https:\/\/www.seairlandshots.com\/wp-content\/uploads\/2018\/01\/3-2.jpg 1024w, https:\/\/www.seairlandshots.com\/wp-content\/uploads\/2018\/01\/3-2-300x225.jpg 300w, https:\/\/www.seairlandshots.com\/wp-content\/uploads\/2018\/01\/3-2-768x576.jpg 768w\" sizes=\"auto, (max-width: 1024px) 100vw, 1024px\" \/><\/a><\/p>\n<p>Negli ultimi anni infatti, causa la mancanza delle minacce reali da parte di \u201csommergibili nemici\u201d il nostro Breguet Atlantic ha dovuto svolgere missioni di sorveglianza delle rotte a sud. La continua vigilanza ha contribuito ad avvistare ogni tipo di imbarcazione carica di migranti in rotta verso il nostro paese, permettendo peraltro di salvare molte vite.<\/p>\n<p>In sostanza si \u00e8 rafforzata la sorveglianza della superficie del mare e di quello che vi galleggia. Tutte le forze aeree hanno quindi iniziato ad abbandonare la specialit\u00e0 Antisom per dedicarsi ad una attivit\u00e0 di sorveglianza dei mari mediante velivoli a pilotaggio remoto o convenzionali; in questo contesto anche le industrie di settore non hanno sviluppato sistemi d\u2019arma dedicati ma hanno sempre modificato velivoli gi\u00e0 esistenti e spesso gi\u00e0 operanti come vettori dell\u2019aviazione civile. Anche l\u2019Italia ha militarizzato un velivolo civile trasformando l\u2019ATR 72-600 in velivolo militare con la sigla di P 72 A con l&#8217;aggiunta di apparati e sensori di interesse militare.<\/p>\n<p><a href=\"https:\/\/www.seairlandshots.com\/wp-content\/uploads\/2018\/01\/4-2.jpg\"><img loading=\"lazy\" decoding=\"async\" class=\"aligncenter size-full wp-image-732\" src=\"https:\/\/www.seairlandshots.com\/wp-content\/uploads\/2018\/01\/4-2.jpg\" alt=\"\" width=\"1024\" height=\"768\" srcset=\"https:\/\/www.seairlandshots.com\/wp-content\/uploads\/2018\/01\/4-2.jpg 1024w, https:\/\/www.seairlandshots.com\/wp-content\/uploads\/2018\/01\/4-2-300x225.jpg 300w, https:\/\/www.seairlandshots.com\/wp-content\/uploads\/2018\/01\/4-2-768x576.jpg 768w\" sizes=\"auto, (max-width: 1024px) 100vw, 1024px\" \/><\/a><\/p>\n<p>Il 21 settembre 2017 \u00e8 stata la data ufficiale della cerimonia di \u201cphase in e phase out\u201d tra i due velivoli, mentre il 24 settembre 2017 si \u00e8 tenuta a Sigonella una cerimonia con presenza di tutto il personale in servizio e di quello in congedo per celebrare il raggiungimento dei 45 anni di servizio dell\u2019Atlantic, \u00a0caratterizzata da molta commozione per i tanti ricordi legati alle lunghe missioni a bordo dell\u2019amato velivolo.<\/p>\n<p>D\u2019altro canto l\u2019addio \u00e8 inevitabile, la macchina \u00e8 ormai vecchia, non piu\u2019 tecnologicamente al passo con i tempi, ma il vecchietto comunque ha dimostrato grande robustezza e forse chiss\u00e0, se fossero state fatte altre scelte probabilmente avremmo avuto in servizio l\u2019Atlantic 2.<\/p>\n<p><a href=\"https:\/\/www.seairlandshots.com\/wp-content\/uploads\/2018\/01\/5-1.jpg\"><img loading=\"lazy\" decoding=\"async\" class=\"aligncenter size-full wp-image-733\" src=\"https:\/\/www.seairlandshots.com\/wp-content\/uploads\/2018\/01\/5-1.jpg\" alt=\"\" width=\"1024\" height=\"683\" srcset=\"https:\/\/www.seairlandshots.com\/wp-content\/uploads\/2018\/01\/5-1.jpg 1024w, https:\/\/www.seairlandshots.com\/wp-content\/uploads\/2018\/01\/5-1-300x200.jpg 300w, https:\/\/www.seairlandshots.com\/wp-content\/uploads\/2018\/01\/5-1-768x512.jpg 768w\" sizes=\"auto, (max-width: 1024px) 100vw, 1024px\" \/><\/a><\/p>\n<p>Il nuovo velivolo sviluppato da Leonardo \u00e8 il P-72A, un pattugliatore marittimo ognitempo.<\/p>\n<p>La\u00a0suite\u00a0del sistema d\u2019arma che costituisce il \u201ccore\u201d del velivolo garantisce l\u2019utilizzo dello stesso nelle pi\u00f9 diversificate missioni, sia su mare che su terra, grazie ad un\u2019elevata capacit\u00e0 multiruolo garantita da vari sistemi di scambio di informazioni ad alta velocit\u00e0 fra Enti militari diversi (Link 16, Link11, comunicazioni satellitari, VORTEX, VMF, capacit\u00e0 ESM e ELINT), una suite di autodifesa avanzatissima, un sensore elettro-ottico e un radar a scansione elettronica.<\/p>\n<div id='gallery-1' class='gallery galleryid-721 gallery-columns-5 gallery-size-thumbnail'><figure class='gallery-item'>\n\t\t\t<div class='gallery-icon landscape'>\n\t\t\t\t<a href='https:\/\/www.seairlandshots.com\/wp-content\/uploads\/2018\/01\/6-4.jpg'><img loading=\"lazy\" decoding=\"async\" width=\"150\" height=\"150\" src=\"https:\/\/www.seairlandshots.com\/wp-content\/uploads\/2018\/01\/6-4-150x150.jpg\" class=\"attachment-thumbnail size-thumbnail\" alt=\"\" \/><\/a>\n\t\t\t<\/div><\/figure><figure class='gallery-item'>\n\t\t\t<div class='gallery-icon landscape'>\n\t\t\t\t<a href='https:\/\/www.seairlandshots.com\/wp-content\/uploads\/2018\/01\/6-6.jpg'><img loading=\"lazy\" decoding=\"async\" width=\"150\" height=\"150\" src=\"https:\/\/www.seairlandshots.com\/wp-content\/uploads\/2018\/01\/6-6-150x150.jpg\" class=\"attachment-thumbnail size-thumbnail\" alt=\"\" \/><\/a>\n\t\t\t<\/div><\/figure><figure class='gallery-item'>\n\t\t\t<div class='gallery-icon landscape'>\n\t\t\t\t<a href='https:\/\/www.seairlandshots.com\/wp-content\/uploads\/2018\/01\/6-10.jpg'><img loading=\"lazy\" decoding=\"async\" width=\"150\" height=\"150\" src=\"https:\/\/www.seairlandshots.com\/wp-content\/uploads\/2018\/01\/6-10-150x150.jpg\" class=\"attachment-thumbnail size-thumbnail\" alt=\"\" \/><\/a>\n\t\t\t<\/div><\/figure><figure class='gallery-item'>\n\t\t\t<div class='gallery-icon landscape'>\n\t\t\t\t<a href='https:\/\/www.seairlandshots.com\/wp-content\/uploads\/2018\/01\/7-2.jpg'><img loading=\"lazy\" decoding=\"async\" width=\"150\" height=\"150\" src=\"https:\/\/www.seairlandshots.com\/wp-content\/uploads\/2018\/01\/7-2-150x150.jpg\" class=\"attachment-thumbnail size-thumbnail\" alt=\"\" \/><\/a>\n\t\t\t<\/div><\/figure><figure class='gallery-item'>\n\t\t\t<div class='gallery-icon landscape'>\n\t\t\t\t<a href='https:\/\/www.seairlandshots.com\/wp-content\/uploads\/2018\/01\/7-4.jpg'><img loading=\"lazy\" decoding=\"async\" width=\"150\" height=\"150\" src=\"https:\/\/www.seairlandshots.com\/wp-content\/uploads\/2018\/01\/7-4-150x150.jpg\" class=\"attachment-thumbnail size-thumbnail\" alt=\"\" \/><\/a>\n\t\t\t<\/div><\/figure>\n\t\t<\/div>\n\n<p>Il velivolo sar\u00e0 in grado di poter operare efficacemente sul mare a bassa quota, anche in vicinanza della costa, a varie latitudini, con fattori climatici anche considerevolmente differenti, indipendentemente dalle condizioni di luce (H24) ed in condizioni meteorologiche marginali nell\u2019assolvimento delle missioni assegnate.<\/p>\n<p><a href=\"https:\/\/www.seairlandshots.com\/wp-content\/uploads\/2018\/01\/7-9.jpg\"><img loading=\"lazy\" decoding=\"async\" class=\"size-full wp-image-739\" src=\"https:\/\/www.seairlandshots.com\/wp-content\/uploads\/2018\/01\/7-9.jpg\" alt=\"\" width=\"1024\" height=\"768\" srcset=\"https:\/\/www.seairlandshots.com\/wp-content\/uploads\/2018\/01\/7-9.jpg 1024w, https:\/\/www.seairlandshots.com\/wp-content\/uploads\/2018\/01\/7-9-300x225.jpg 300w, https:\/\/www.seairlandshots.com\/wp-content\/uploads\/2018\/01\/7-9-768x576.jpg 768w\" sizes=\"auto, (max-width: 1024px) 100vw, 1024px\" \/><\/a><\/p>\n<p>I corsi di addestramento e transizione dei primi equipaggi di P-72A si sono svolti presso lo stabilimento Alenia\/Finmeccanica, poi Leonardo, di Torino Caselle. Il primo corso di transizione, suddiviso tra naviganti e personale tecnico manutentivo provenienti dall\u201988\u00b0 Gruppo, dall\u201986\u00b0 Centro Addestramento Equipaggi e dal GEA (Gruppo Efficienza Aeromobili), tutte articolazioni del 41\u00b0 Stormo Antisom di Sigonella, ha evidenziato l\u2019inevitabile salto generazionale che vedr\u00e0 interessata l\u2019intera Aeronautica Militare nell\u2019immediato futuro. Per quanto concerne il personale navigante, l\u2019iter di addestramento prevede una prima fase\u00a0 presso l\u2019ATR Training Center di Tolosa in Francia per l\u2019acquisizione della qualifica sul velivolo ATR 72-600 civile da cui il P-72A deriva. In seguito, la transizione viene conclusa presso l\u2019Aeroporto di Torino Caselle con alcune lezioni frontali e voli di ambientamento.<\/p>\n<p><a href=\"https:\/\/www.seairlandshots.com\/wp-content\/uploads\/2018\/01\/4-3.jpg\"><img loading=\"lazy\" decoding=\"async\" class=\"aligncenter size-full wp-image-740\" src=\"https:\/\/www.seairlandshots.com\/wp-content\/uploads\/2018\/01\/4-3.jpg\" alt=\"\" width=\"1024\" height=\"768\" srcset=\"https:\/\/www.seairlandshots.com\/wp-content\/uploads\/2018\/01\/4-3.jpg 1024w, https:\/\/www.seairlandshots.com\/wp-content\/uploads\/2018\/01\/4-3-300x225.jpg 300w, https:\/\/www.seairlandshots.com\/wp-content\/uploads\/2018\/01\/4-3-768x576.jpg 768w\" sizes=\"auto, (max-width: 1024px) 100vw, 1024px\" \/><\/a><br \/>\nL\u2019iter addestrativo degli equipaggi di volo, dei Mission System Operators (MSO) e degli On Board Tecnicians (OBT) si \u00e8 svolto invece presso la sede di Alenia suddivisione Sistemi Avionici e Spaziali con un corso dedicato ed un \u201cOn Job Training\u201d specifico per ogni apparato e sensore del velivolo.<br \/>\nI corsi inerenti la manutenzione velivolo si sono svolti inizialmente a Sigonella e quindi presso l\u2019azienda di produzione permettendo cos\u00ec l\u2019ottimizzazione costi e la contestuale elevata standardizzazione del personale<\/p>\n<p><a href=\"https:\/\/www.seairlandshots.com\/wp-content\/uploads\/2018\/01\/8-1.jpg\"><img loading=\"lazy\" decoding=\"async\" class=\"aligncenter size-full wp-image-741\" src=\"https:\/\/www.seairlandshots.com\/wp-content\/uploads\/2018\/01\/8-1.jpg\" alt=\"\" width=\"1024\" height=\"768\" srcset=\"https:\/\/www.seairlandshots.com\/wp-content\/uploads\/2018\/01\/8-1.jpg 1024w, https:\/\/www.seairlandshots.com\/wp-content\/uploads\/2018\/01\/8-1-300x225.jpg 300w, https:\/\/www.seairlandshots.com\/wp-content\/uploads\/2018\/01\/8-1-768x576.jpg 768w\" sizes=\"auto, (max-width: 1024px) 100vw, 1024px\" \/><\/a><\/p>\n<p>Ruoli principali del P-72 A<\/p>\n<p>\u00b7\u00a0\u00a0\u00a0\u00a0\u00a0\u00a0\u00a0\u00a0 pattugliamento marittimo per ricerca e identificazione del naviglio di superficie;<\/p>\n<p>\u00b7\u00a0\u00a0\u00a0\u00a0\u00a0\u00a0\u00a0\u00a0 comando e controllo di altri assetti in scenari tattici;<\/p>\n<p>\u00b7\u00a0\u00a0\u00a0\u00a0\u00a0\u00a0\u00a0\u00a0 prevenzione della pirateria, del contrabbando e del narcotraffico, controllo della sicurezza delle acque territoriali;<\/p>\n<p>\u00b7\u00a0\u00a0\u00a0\u00a0\u00a0\u00a0\u00a0\u00a0 SAR ( Ricerca e Soccorso) per la salvaguardia della vita umana;<\/p>\n<p>\u00b7\u00a0\u00a0\u00a0\u00a0\u00a0\u00a0\u00a0\u00a0 ELINT (Electonic INTelligence).<\/p>\n<p>\u200bCaratteristiche tecniche del P-72 A:<\/p>\n<p>Apertura alare: 27,05\u00a0m &#8211; lunghezza: 27,16\u200b m &#8211; altezza: 7,65 m &#8211; peso massimo al decollo: 23.000 kg &#8211; velocit\u00e0 massima: 480\u200b km\/h &#8211; autonomia: 3.240 km a 15.000 piedi (10h\u00a0ore a 5.000 piedi), i velivoli saranno inoltre equipaggiati con un sistema di autoprotezione integrato con l\u2019avionica di bordo. Il velivolo sar\u00e0 in grado di effettuare missioni lunghe sei ore e mezza a 200 miglia nautiche dalla base di partenza.<\/p>\n<p><a href=\"https:\/\/www.seairlandshots.com\/wp-content\/uploads\/2018\/01\/11-1.jpg\"><img loading=\"lazy\" decoding=\"async\" class=\"aligncenter size-full wp-image-742\" src=\"https:\/\/www.seairlandshots.com\/wp-content\/uploads\/2018\/01\/11-1.jpg\" alt=\"\" width=\"1024\" height=\"683\" srcset=\"https:\/\/www.seairlandshots.com\/wp-content\/uploads\/2018\/01\/11-1.jpg 1024w, https:\/\/www.seairlandshots.com\/wp-content\/uploads\/2018\/01\/11-1-300x200.jpg 300w, https:\/\/www.seairlandshots.com\/wp-content\/uploads\/2018\/01\/11-1-768x512.jpg 768w\" sizes=\"auto, (max-width: 1024px) 100vw, 1024px\" \/><\/a><\/p>\n","protected":false},"excerpt":{"rendered":"<p>Durante il periodo bellico, ed esattamente nel 1939, veniva costituito il 41\u00b0 Stormo sull\u2019aeroporto di Reggio Emilia. La sua specialit\u00e0 era il bombardamento terrestre tattico, equipaggiato con i bombardieri bimotori Fiat B.R.20 &#8220;Cicogna&#8221;. Trasferito in terra di Sicilia e poi in Libia lo Stormo venne disciolto nel 1941. Successivamente venne ricostituito come 41\u00ba Stormo Antisommergibile &hellip;<\/p>\n","protected":false},"author":1,"featured_media":725,"comment_status":"closed","ping_status":"closed","sticky":false,"template":"","format":"standard","meta":{"footnotes":""},"categories":[5],"tags":[102,99,100,98,101],"class_list":["post-721","post","type-post","status-publish","format-standard","has-post-thumbnail","","category-aeronautica_militare","tag-41-stormo","tag-atlantic","tag-br-1150","tag-letterio-trimarchi","tag-sigonella"],"_links":{"self":[{"href":"https:\/\/www.seairlandshots.com\/index.php\/wp-json\/wp\/v2\/posts\/721","targetHints":{"allow":["GET"]}}],"collection":[{"href":"https:\/\/www.seairlandshots.com\/index.php\/wp-json\/wp\/v2\/posts"}],"about":[{"href":"https:\/\/www.seairlandshots.com\/index.php\/wp-json\/wp\/v2\/types\/post"}],"author":[{"embeddable":true,"href":"https:\/\/www.seairlandshots.com\/index.php\/wp-json\/wp\/v2\/users\/1"}],"replies":[{"embeddable":true,"href":"https:\/\/www.seairlandshots.com\/index.php\/wp-json\/wp\/v2\/comments?post=721"}],"version-history":[{"count":7,"href":"https:\/\/www.seairlandshots.com\/index.php\/wp-json\/wp\/v2\/posts\/721\/revisions"}],"predecessor-version":[{"id":745,"href":"https:\/\/www.seairlandshots.com\/index.php\/wp-json\/wp\/v2\/posts\/721\/revisions\/745"}],"wp:featuredmedia":[{"embeddable":true,"href":"https:\/\/www.seairlandshots.com\/index.php\/wp-json\/wp\/v2\/media\/725"}],"wp:attachment":[{"href":"https:\/\/www.seairlandshots.com\/index.php\/wp-json\/wp\/v2\/media?parent=721"}],"wp:term":[{"taxonomy":"category","embeddable":true,"href":"https:\/\/www.seairlandshots.com\/index.php\/wp-json\/wp\/v2\/categories?post=721"},{"taxonomy":"post_tag","embeddable":true,"href":"https:\/\/www.seairlandshots.com\/index.php\/wp-json\/wp\/v2\/tags?post=721"}],"curies":[{"name":"wp","href":"https:\/\/api.w.org\/{rel}","templated":true}]}}