{"id":6944,"date":"2025-01-18T18:17:27","date_gmt":"2025-01-18T17:17:27","guid":{"rendered":"https:\/\/www.seairlandshots.com\/?p=6944"},"modified":"2025-01-18T18:17:27","modified_gmt":"2025-01-18T17:17:27","slug":"soccorso-aereo-elicottero-del-15-stormo-interviene-in-friuli-venezia-giulia-per-la-ricerca-di-un-alpinista-disperso","status":"publish","type":"post","link":"https:\/\/www.seairlandshots.com\/index.php\/2025\/01\/18\/soccorso-aereo-elicottero-del-15-stormo-interviene-in-friuli-venezia-giulia-per-la-ricerca-di-un-alpinista-disperso\/","title":{"rendered":"Soccorso Aereo: elicottero del 15\u00b0 Stormo interviene in Friuli Venezia Giulia per la ricerca di un alpinista disperso"},"content":{"rendered":"<p><img loading=\"lazy\" decoding=\"async\" class=\"aligncenter size-full wp-image-6945\" src=\"https:\/\/www.seairlandshots.com\/wp-content\/uploads\/2025\/01\/20250117_soccorso-AM_CNSAS_-Friuli-2.jpeg\" alt=\"\" width=\"1280\" height=\"960\" srcset=\"https:\/\/www.seairlandshots.com\/wp-content\/uploads\/2025\/01\/20250117_soccorso-AM_CNSAS_-Friuli-2.jpeg 1280w, https:\/\/www.seairlandshots.com\/wp-content\/uploads\/2025\/01\/20250117_soccorso-AM_CNSAS_-Friuli-2-300x225.jpeg 300w, https:\/\/www.seairlandshots.com\/wp-content\/uploads\/2025\/01\/20250117_soccorso-AM_CNSAS_-Friuli-2-768x576.jpeg 768w, https:\/\/www.seairlandshots.com\/wp-content\/uploads\/2025\/01\/20250117_soccorso-AM_CNSAS_-Friuli-2-1024x768.jpeg 1024w\" sizes=\"auto, (max-width: 1280px) 100vw, 1280px\" \/><\/p>\n<p><em>La missione \u00e8 stata condotta dall\u201983\u00b0 Centro SAR (Search And Rescue) di Cervia in sinergia con il Corpo Nazionale Soccorso Alpino e Speleologico Friuli Venezia Giulia<\/em><\/p>\n<p>&nbsp;<\/p>\n<p>\u00c8 decollato nella tarda serata di ieri, gioved\u00ec 16 gennaio, un elicottero HH-139B dell\u201983\u00b0 Centro SAR (Search And Rescue) del 15\u00b0 Stormo dell\u2019Aeronautica Militare, di stanza a Cervia (RA), per effettuare la ricerca di un uomo disperso sul Gran Monte, nelle Prealpi Giulie, in localit\u00e0 Taipana (UD).<\/p>\n<p>L\u2019equipaggio in prontezza d\u2019allarme ha ricevuto l\u2019ordine di missione dal Rescue Coordination Center (RCC) del Comando Operazioni Aerospaziali di Poggio Renatico (FE), si \u00e8 dapprima diretto in localit\u00e0 Pradielis per imbarcare alcuni tecnici del Soccorso Alpino e si \u00e8 successivamente diretto nell\u2019area di operazioni, una zona impervia e caratterizzata da una fitta vegetazione che ha reso particolarmente impegnative le fasi del soccorso.<\/p>\n<p><img loading=\"lazy\" decoding=\"async\" class=\"aligncenter size-full wp-image-6946\" src=\"https:\/\/www.seairlandshots.com\/wp-content\/uploads\/2025\/01\/20250117_soccorso-AM_CNSAS_-Friuli-3.jpeg\" alt=\"\" width=\"1280\" height=\"960\" srcset=\"https:\/\/www.seairlandshots.com\/wp-content\/uploads\/2025\/01\/20250117_soccorso-AM_CNSAS_-Friuli-3.jpeg 1280w, https:\/\/www.seairlandshots.com\/wp-content\/uploads\/2025\/01\/20250117_soccorso-AM_CNSAS_-Friuli-3-300x225.jpeg 300w, https:\/\/www.seairlandshots.com\/wp-content\/uploads\/2025\/01\/20250117_soccorso-AM_CNSAS_-Friuli-3-768x576.jpeg 768w, https:\/\/www.seairlandshots.com\/wp-content\/uploads\/2025\/01\/20250117_soccorso-AM_CNSAS_-Friuli-3-1024x768.jpeg 1024w\" sizes=\"auto, (max-width: 1280px) 100vw, 1280px\" \/><\/p>\n<p>Dall\u2019alto, l\u2019equipaggio militare ha individuato una luce in movimento a circa 300 metri di distanza sotto il punto in cui si trovavano le squadre di terra e grazie alle comunicazioni via radio e all&#8217;illuminazione ha potuto guidare i soccorritori verso l&#8217;infortunato.<\/p>\n<p>I soccorritori sono stati calati con il verricello fino al punto in cui il disperso si \u00e8 arrestato dopo la caduta nella gola. L\u2019uomo, ferito ma cosciente, \u00e8 stato stabilizzato dal medico anestesista del Soccorso Alpino e, con il contributo dell\u2019aerosoccorritore militare, \u00e8 stato imbarellato per la successiva evacuazione. Successivamente il ferito \u00e8 stato trasportato a Campoformido (UD), presso la piazzola HEMS all\u2019interno della zona logistica del 2\u00b0 Stormo dell&#8217;Aeronautica Militare, dove \u00e8 stato affidato all\u2019ambulanza per ulteriori cure.<\/p>\n<p>Nel frattempo, considerate le temperature proibitive (-10\u00b0C percepiti) e la tempistica per le squadre di terra di rientrare autonomamente via terra, l\u2019elicottero dell\u2019Aeronautica Militare ha effettuato il recupero delle squadre del Soccorso Alpino rimaste sul posto. L\u2019elicottero militare, durante il lungo intervento notturno, ha potuto contare anche sul fondamentale supporto logistico del 2\u00b0 Stormo di Rivolto dell\u2019Aeronautica Militare interessato pi\u00f9 volte per le operazioni di rifornimento carburante.<\/p>\n<p><img loading=\"lazy\" decoding=\"async\" class=\"aligncenter size-full wp-image-6947\" src=\"https:\/\/www.seairlandshots.com\/wp-content\/uploads\/2025\/01\/20250117_soccorso-AM_CNSAS_-Friuli-1.jpeg\" alt=\"\" width=\"960\" height=\"1280\" srcset=\"https:\/\/www.seairlandshots.com\/wp-content\/uploads\/2025\/01\/20250117_soccorso-AM_CNSAS_-Friuli-1.jpeg 960w, https:\/\/www.seairlandshots.com\/wp-content\/uploads\/2025\/01\/20250117_soccorso-AM_CNSAS_-Friuli-1-225x300.jpeg 225w, https:\/\/www.seairlandshots.com\/wp-content\/uploads\/2025\/01\/20250117_soccorso-AM_CNSAS_-Friuli-1-768x1024.jpeg 768w\" sizes=\"auto, (max-width: 960px) 100vw, 960px\" \/><\/p>\n<p>L\u2019intera operazione ha messo in evidenza la fondamentale collaborazione tra il Soccorso Alpino e l&#8217;Aeronautica Militare, frutto di un accordo consolidato per operazioni di ricerca e soccorso in ambienti impervi. La sinergia tra le competenze alpinistiche e aeronautiche si \u00e8 rivelata ancora una volta cruciale per garantire la salvaguardia della vita umana. L\u2019elicottero HH-139B ha fatto rientro alla base di Cervia (RA) alle prime luci dell\u2019alba, concludendo una missione caratterizzata da estrema difficolt\u00e0 operativa e condizioni ambientali impegnative, consentendo di consegnare l\u2019escursionista alle cure sanitarie, dimostrando ancora una volta l\u2019efficacia della macchina dei soccorsi in scenari complessi e ostili.<\/p>\n<p><em>(Fonte AM)<\/em><\/p>\n","protected":false},"excerpt":{"rendered":"<p>La missione \u00e8 stata condotta dall\u201983\u00b0 Centro SAR (Search And Rescue) di Cervia in sinergia con il Corpo Nazionale Soccorso Alpino e Speleologico Friuli Venezia Giulia &nbsp; \u00c8 decollato nella tarda serata di ieri, gioved\u00ec 16 gennaio, un elicottero HH-139B dell\u201983\u00b0 Centro SAR (Search And Rescue) del 15\u00b0 Stormo dell\u2019Aeronautica Militare, di stanza a Cervia &hellip;<\/p>\n","protected":false},"author":1,"featured_media":6945,"comment_status":"closed","ping_status":"closed","sticky":false,"template":"","format":"standard","meta":{"footnotes":""},"categories":[5],"tags":[],"class_list":["post-6944","post","type-post","status-publish","format-standard","has-post-thumbnail","","category-aeronautica_militare"],"_links":{"self":[{"href":"https:\/\/www.seairlandshots.com\/index.php\/wp-json\/wp\/v2\/posts\/6944","targetHints":{"allow":["GET"]}}],"collection":[{"href":"https:\/\/www.seairlandshots.com\/index.php\/wp-json\/wp\/v2\/posts"}],"about":[{"href":"https:\/\/www.seairlandshots.com\/index.php\/wp-json\/wp\/v2\/types\/post"}],"author":[{"embeddable":true,"href":"https:\/\/www.seairlandshots.com\/index.php\/wp-json\/wp\/v2\/users\/1"}],"replies":[{"embeddable":true,"href":"https:\/\/www.seairlandshots.com\/index.php\/wp-json\/wp\/v2\/comments?post=6944"}],"version-history":[{"count":1,"href":"https:\/\/www.seairlandshots.com\/index.php\/wp-json\/wp\/v2\/posts\/6944\/revisions"}],"predecessor-version":[{"id":6948,"href":"https:\/\/www.seairlandshots.com\/index.php\/wp-json\/wp\/v2\/posts\/6944\/revisions\/6948"}],"wp:featuredmedia":[{"embeddable":true,"href":"https:\/\/www.seairlandshots.com\/index.php\/wp-json\/wp\/v2\/media\/6945"}],"wp:attachment":[{"href":"https:\/\/www.seairlandshots.com\/index.php\/wp-json\/wp\/v2\/media?parent=6944"}],"wp:term":[{"taxonomy":"category","embeddable":true,"href":"https:\/\/www.seairlandshots.com\/index.php\/wp-json\/wp\/v2\/categories?post=6944"},{"taxonomy":"post_tag","embeddable":true,"href":"https:\/\/www.seairlandshots.com\/index.php\/wp-json\/wp\/v2\/tags?post=6944"}],"curies":[{"name":"wp","href":"https:\/\/api.w.org\/{rel}","templated":true}]}}