{"id":6932,"date":"2024-12-29T23:09:12","date_gmt":"2024-12-29T22:09:12","guid":{"rendered":"https:\/\/www.seairlandshots.com\/?p=6932"},"modified":"2025-07-15T18:29:14","modified_gmt":"2025-07-15T16:29:14","slug":"salto-tecnologico-al-3-reparto-volo-di-bologna-polizia-di-stato-consegnato-il-nuovo-agusta-westland-aw139","status":"publish","type":"post","link":"https:\/\/www.seairlandshots.com\/index.php\/2024\/12\/29\/salto-tecnologico-al-3-reparto-volo-di-bologna-polizia-di-stato-consegnato-il-nuovo-agusta-westland-aw139\/","title":{"rendered":"Salto tecnologico al 3\u00b0 Reparto Volo di Bologna \u2013 Polizia di Stato. Consegnato il nuovo Agusta Westland AW139"},"content":{"rendered":"<p><img loading=\"lazy\" decoding=\"async\" class=\"aligncenter size-full wp-image-6933\" src=\"https:\/\/www.seairlandshots.com\/wp-content\/uploads\/2024\/12\/DSC_0632.jpeg\" alt=\"\" width=\"1280\" height=\"853\" srcset=\"https:\/\/www.seairlandshots.com\/wp-content\/uploads\/2024\/12\/DSC_0632.jpeg 1280w, https:\/\/www.seairlandshots.com\/wp-content\/uploads\/2024\/12\/DSC_0632-300x200.jpeg 300w, https:\/\/www.seairlandshots.com\/wp-content\/uploads\/2024\/12\/DSC_0632-768x512.jpeg 768w, https:\/\/www.seairlandshots.com\/wp-content\/uploads\/2024\/12\/DSC_0632-1024x682.jpeg 1024w\" sizes=\"auto, (max-width: 1280px) 100vw, 1280px\" \/><\/p>\n<div class=\"box shadow  \"><div class=\"box-inner-block\"><i class=\"fa tie-shortcode-boxicon\"><\/i>\n\t\t\tTesto e Foto di Luigi Sani\n\t\t\t<\/div><\/div>\n<p>Il 9 dicembre 2024\u00a0 il 3\u00b0 Reparto Volo di Bologna ha accolto il nuovo elicottero\u00a0<strong>AW 139<\/strong>\u00a0(configurazione Polizia di Stato, designata <strong>UH-139C<\/strong>), marche\u00a0<strong>PS-121 MM 82165.<\/strong><\/p>\n<p><em>\u00a0<img loading=\"lazy\" decoding=\"async\" class=\"aligncenter size-full wp-image-6934\" src=\"https:\/\/www.seairlandshots.com\/wp-content\/uploads\/2024\/12\/DSC_0382.jpeg\" alt=\"\" width=\"1280\" height=\"853\" srcset=\"https:\/\/www.seairlandshots.com\/wp-content\/uploads\/2024\/12\/DSC_0382.jpeg 1280w, https:\/\/www.seairlandshots.com\/wp-content\/uploads\/2024\/12\/DSC_0382-300x200.jpeg 300w, https:\/\/www.seairlandshots.com\/wp-content\/uploads\/2024\/12\/DSC_0382-768x512.jpeg 768w, https:\/\/www.seairlandshots.com\/wp-content\/uploads\/2024\/12\/DSC_0382-1024x682.jpeg 1024w\" sizes=\"auto, (max-width: 1280px) 100vw, 1280px\" \/><\/em><\/p>\n<p><strong>Poli 121<\/strong> \u00e8 arrivato alle 14,30\u00a0 toccando terra di fronte al collegamento sul piazzale del <strong>TAG<\/strong> (Terminal Aviazione Generale) modernissima struttura dell\u2019aeroporto Marconi. Il primo benvenuto a Bologna \u00e8 stato \u201cdispensato\u201d da un getto d\u2019acqua incrociato, prodotto dalle lance di una coppia di mezzi antincendio Magirus Dragon X6 dei Vigili del Fuoco. I \u201cwater cannon\u201d hanno creato il tradizionale arco d\u2019acqua sul passaggio del nuovo arrivato; il potente rotore ha fatto sparire per un momento l\u2019elicottero in una nuvola d\u2019acqua. Fatto il primo saluto ai presenti, il 139 \u00e8 subito decollato per il posizionamento definitivo sul piazzale davanti all\u2019hangar del 3\u00b0 Reparto Volo, dove \u00e8 stato accolto con grande festa dal Comandante e dal personale.<\/p>\n<p><img loading=\"lazy\" decoding=\"async\" class=\"aligncenter size-full wp-image-6935\" src=\"https:\/\/www.seairlandshots.com\/wp-content\/uploads\/2024\/12\/DSC_0443.jpeg\" alt=\"\" width=\"1280\" height=\"761\" srcset=\"https:\/\/www.seairlandshots.com\/wp-content\/uploads\/2024\/12\/DSC_0443.jpeg 1280w, https:\/\/www.seairlandshots.com\/wp-content\/uploads\/2024\/12\/DSC_0443-300x178.jpeg 300w, https:\/\/www.seairlandshots.com\/wp-content\/uploads\/2024\/12\/DSC_0443-768x457.jpeg 768w, https:\/\/www.seairlandshots.com\/wp-content\/uploads\/2024\/12\/DSC_0443-1024x609.jpeg 1024w\" sizes=\"auto, (max-width: 1280px) 100vw, 1280px\" \/><\/p>\n<p>La nuova macchina esprime lo \u201cstato dell\u2019arte\u201d in quanto a capacit\u00e0, prestazioni e dotazione di sistemi. Dotata delle pi\u00f9 moderne e sofisticate apparecchiature, in grado di operare in diversi contesti operativi e di assolvere a tutte le missioni che la componente aerea della Polizia di Stato \u00e8 chiamata ad espletare, garantisce l\u2019efficacia e la versatilit\u00e0 necessarie in tutte le esigenze operative della Polizia di Stato.<\/p>\n<p><img loading=\"lazy\" decoding=\"async\" class=\"aligncenter size-full wp-image-6936\" src=\"https:\/\/www.seairlandshots.com\/wp-content\/uploads\/2024\/12\/DSC_0661.jpeg\" alt=\"\" width=\"1280\" height=\"853\" srcset=\"https:\/\/www.seairlandshots.com\/wp-content\/uploads\/2024\/12\/DSC_0661.jpeg 1280w, https:\/\/www.seairlandshots.com\/wp-content\/uploads\/2024\/12\/DSC_0661-300x200.jpeg 300w, https:\/\/www.seairlandshots.com\/wp-content\/uploads\/2024\/12\/DSC_0661-768x512.jpeg 768w, https:\/\/www.seairlandshots.com\/wp-content\/uploads\/2024\/12\/DSC_0661-1024x682.jpeg 1024w\" sizes=\"auto, (max-width: 1280px) 100vw, 1280px\" \/><\/p>\n<div id='gallery-1' class='gallery galleryid-6932 gallery-columns-2 gallery-size-large'><figure class='gallery-item'>\n\t\t\t<div class='gallery-icon landscape'>\n\t\t\t\t<a href='https:\/\/www.seairlandshots.com\/wp-content\/uploads\/2024\/12\/DSC_0731.jpeg'><img loading=\"lazy\" decoding=\"async\" width=\"618\" height=\"412\" src=\"https:\/\/www.seairlandshots.com\/wp-content\/uploads\/2024\/12\/DSC_0731-1024x682.jpeg\" class=\"attachment-large size-large\" alt=\"\" srcset=\"https:\/\/www.seairlandshots.com\/wp-content\/uploads\/2024\/12\/DSC_0731-1024x682.jpeg 1024w, https:\/\/www.seairlandshots.com\/wp-content\/uploads\/2024\/12\/DSC_0731-300x200.jpeg 300w, https:\/\/www.seairlandshots.com\/wp-content\/uploads\/2024\/12\/DSC_0731-768x512.jpeg 768w, https:\/\/www.seairlandshots.com\/wp-content\/uploads\/2024\/12\/DSC_0731.jpeg 1280w\" sizes=\"auto, (max-width: 618px) 100vw, 618px\" \/><\/a>\n\t\t\t<\/div><\/figure><figure class='gallery-item'>\n\t\t\t<div class='gallery-icon landscape'>\n\t\t\t\t<a href='https:\/\/www.seairlandshots.com\/wp-content\/uploads\/2024\/12\/DSC_0746.jpeg'><img loading=\"lazy\" decoding=\"async\" width=\"618\" height=\"412\" src=\"https:\/\/www.seairlandshots.com\/wp-content\/uploads\/2024\/12\/DSC_0746-1024x682.jpeg\" class=\"attachment-large size-large\" alt=\"\" srcset=\"https:\/\/www.seairlandshots.com\/wp-content\/uploads\/2024\/12\/DSC_0746-1024x682.jpeg 1024w, https:\/\/www.seairlandshots.com\/wp-content\/uploads\/2024\/12\/DSC_0746-300x200.jpeg 300w, https:\/\/www.seairlandshots.com\/wp-content\/uploads\/2024\/12\/DSC_0746-768x512.jpeg 768w, https:\/\/www.seairlandshots.com\/wp-content\/uploads\/2024\/12\/DSC_0746.jpeg 1280w\" sizes=\"auto, (max-width: 618px) 100vw, 618px\" \/><\/a>\n\t\t\t<\/div><\/figure>\n\t\t<\/div>\n\n<p>Nella loro configurazione questi aeromobili annoverano un sistema di visione a infrarossi FLIR ad alta definizione di ultima generazione, un sistema di comunicazione satellitare, luce di ricerca, verricello doppio, suite di missione, un sistema di trasmissione delle immagini a terra e sono dotati delle pi\u00f9 importanti tecnologie in termini di osservazione dall\u2019alto, diurne e notturne.<\/p>\n<p>Poli\u00a0 121 lavorer\u00e0 per un periodo \u201cin affiancamento\u201d\u00a0 al veterano AB212.<\/p>\n<p><img loading=\"lazy\" decoding=\"async\" class=\"aligncenter size-full wp-image-6939\" src=\"https:\/\/www.seairlandshots.com\/wp-content\/uploads\/2024\/12\/DSC_0399.jpeg\" alt=\"\" width=\"960\" height=\"960\" srcset=\"https:\/\/www.seairlandshots.com\/wp-content\/uploads\/2024\/12\/DSC_0399.jpeg 960w, https:\/\/www.seairlandshots.com\/wp-content\/uploads\/2024\/12\/DSC_0399-150x150.jpeg 150w, https:\/\/www.seairlandshots.com\/wp-content\/uploads\/2024\/12\/DSC_0399-300x300.jpeg 300w, https:\/\/www.seairlandshots.com\/wp-content\/uploads\/2024\/12\/DSC_0399-768x768.jpeg 768w\" sizes=\"auto, (max-width: 960px) 100vw, 960px\" \/><\/p>\n<p>L\u2019arrivo dell\u2019AW139 consentir\u00e0 maggiore integrazione e cooperazione con i\u00a0<strong>Vigili del Fuoco, <\/strong>che proprio a pochi metri operano gi\u00e0 da alcuni anni con la stessa piattaforma\u00a0ed il\u00a0<strong>Corpo Nazionale Soccorso Alpino e Speleologico (CNSAS)<\/strong>, nell\u2019ambito di convenzioni specifiche istituite con il\u00a0<strong>Servizio Reparti Speciali della Polizia di Stato<\/strong>, e che prevedono un costante addestramento congiunto al fine di poter operare insieme in sicurezza nell\u2019ambito di scenari critici di soccorso, sia in ambienti urbani che in montagna.<\/p>\n<p><img loading=\"lazy\" decoding=\"async\" class=\"aligncenter size-full wp-image-6940\" src=\"https:\/\/www.seairlandshots.com\/wp-content\/uploads\/2024\/12\/DSC_0685.jpeg\" alt=\"\" width=\"960\" height=\"960\" srcset=\"https:\/\/www.seairlandshots.com\/wp-content\/uploads\/2024\/12\/DSC_0685.jpeg 960w, https:\/\/www.seairlandshots.com\/wp-content\/uploads\/2024\/12\/DSC_0685-150x150.jpeg 150w, https:\/\/www.seairlandshots.com\/wp-content\/uploads\/2024\/12\/DSC_0685-300x300.jpeg 300w, https:\/\/www.seairlandshots.com\/wp-content\/uploads\/2024\/12\/DSC_0685-768x768.jpeg 768w\" sizes=\"auto, (max-width: 960px) 100vw, 960px\" \/><\/p>\n<p><em>Il 3\u00b0 Reparto Volo della Polizia di Stato \u00e8 basato a pochi metri dalla torre di controllo dell\u2019Aeroporto Internazionale di Bologna \u201cGuglielmo Marconi\u201d. Condivide un importante sedime in zona aeroportuale, assieme ad altre \u201ceccellenze del volo\u201d, come il 2\u00b0 Reggimento Sostegno dell\u2019\u2019Aviazione dell\u2019Esercito \u201cOrione\u201d ed il Reparto Volo dei Vigili del Fuoco Emilia -Romagna. <\/em><\/p>\n<p><em>Il 3\u00b0 reparto dispone di piloti, uffici amministrativi e personale specialista con capacit\u00e0 manutentive allo stato dell\u2019arte, fino a poter provvedere autonomamente, con tanto di certificazione ad alcuni importanti step manutentivi di aeromobili nelle linee AB212 e AB206 (recentemente dismesso), servizi altrimenti gestiti con costi e tempi maggiori dalla \u201ccasa madre\u201d.<\/em><\/p>\n<p><em>Questo nucleo \u00e8 parte integrante del Servizio Aereo della Polizia di Stato, strutturato su 11 reparti volo dislocati su tutto il territorio nazionale iniziando dal 1\u00b0 a Pratica di Mare (Roma), il 2\u00b0 a Milano-Linate, il 3\u00b0 a Bologna, il 4\u00b0 a Palermo, il 5\u00b0 a Reggio Calabria, il 6\u00b0 a Napoli, il 7\u00b0 a Oristano, l\u20198\u00b0 a Firenze, il 9\u00b0 a Bari, il 10\u00b0 a Venezia e l\u201911\u00b0 a Pescara. <\/em><\/p>\n<p><em>Quello di Bologna \u00e8 certamente il nodo strategico dello \u201cStivale\u201d, crocevia delle linee di <\/em><em>comunicazione primarie, sia a livello stradale e ferroviario. Inoltre in questi anni il traffico passeggeri e merci aeroportuale sta esponenzialmente aumentando.<\/em><\/p>\n<p><img loading=\"lazy\" decoding=\"async\" class=\"aligncenter size-full wp-image-6941\" src=\"https:\/\/www.seairlandshots.com\/wp-content\/uploads\/2024\/12\/DSC_0428.jpeg\" alt=\"\" width=\"1280\" height=\"800\" srcset=\"https:\/\/www.seairlandshots.com\/wp-content\/uploads\/2024\/12\/DSC_0428.jpeg 1280w, https:\/\/www.seairlandshots.com\/wp-content\/uploads\/2024\/12\/DSC_0428-300x188.jpeg 300w, https:\/\/www.seairlandshots.com\/wp-content\/uploads\/2024\/12\/DSC_0428-768x480.jpeg 768w, https:\/\/www.seairlandshots.com\/wp-content\/uploads\/2024\/12\/DSC_0428-1024x640.jpeg 1024w\" sizes=\"auto, (max-width: 1280px) 100vw, 1280px\" \/><\/p>\n<p><em>Tra le attivit\u00e0 svolte: intervento e supporto alle unit\u00e0 di terra; attivit\u00e0 giudiziaria; ordine pubblico, con il monitoraggio dal cielo su aree metropolitane, a tempo reale, di folle che partecipano ad eventi sportivi, religiosi o politici, per la prevenzione di reati e situazioni di pericolo; attivit\u00e0 di controllo stradale, anche lungo la rete autostrade, svolgendo ponte radio e video in connessione con le centrali operative; attivit\u00e0 di ricerca e soccorso, trasporto infortunati o trasporto urgente organi, in coordinamento con vari enti, quali servizi di assistenza privati, ospedalieri, Protezione Civile, Soccorso Alpino ecc.; attivit\u00e0 di supporto e trasporto veloce di operatori dei Reparti Speciali della Polizia di Stato, delle unit\u00e0 cinofile, degli artificieri, dei tiratori scelti e dei sommozzatori, di alti funzionari, personalit\u00e0, nonch\u00e9 attivit\u00e0 di scorta e sicurezza in cui gli equipaggi, supportati da reparti Speciali (NOCS, UOPI ecc.), svolgono attivit\u00e0 di controllo di aree sensibili durante eventi o visite di stato; attivit\u00e0 addestrativa con istruzione del personale sui vari velivoli in dotazione, spesso in sinergia con reparti civili strutturati e specializzati.<\/em><\/p>\n<div class=\"box note  \"><div class=\"box-inner-block\"><i class=\"fa tie-shortcode-boxicon\"><\/i>\n\t\t\tSi ringraziano il Dirigente e tutti i componenti del 3\u00b0 Reparto Volo per la preziosa assistenza. \n\t\t\t<\/div><\/div>\n","protected":false},"excerpt":{"rendered":"<p>Il 9 dicembre 2024\u00a0 il 3\u00b0 Reparto Volo di Bologna ha accolto il nuovo elicottero\u00a0AW 139\u00a0(configurazione Polizia di Stato, designata UH-139C), marche\u00a0PS-121 MM 82165. \u00a0 Poli 121 \u00e8 arrivato alle 14,30\u00a0 toccando terra di fronte al collegamento sul piazzale del TAG (Terminal Aviazione Generale) modernissima struttura dell\u2019aeroporto Marconi. Il primo benvenuto a Bologna \u00e8 stato &hellip;<\/p>\n","protected":false},"author":11,"featured_media":6933,"comment_status":"closed","ping_status":"closed","sticky":false,"template":"","format":"standard","meta":{"footnotes":""},"categories":[298],"tags":[],"class_list":["post-6932","post","type-post","status-publish","format-standard","has-post-thumbnail","","category-poliziadistato"],"_links":{"self":[{"href":"https:\/\/www.seairlandshots.com\/index.php\/wp-json\/wp\/v2\/posts\/6932","targetHints":{"allow":["GET"]}}],"collection":[{"href":"https:\/\/www.seairlandshots.com\/index.php\/wp-json\/wp\/v2\/posts"}],"about":[{"href":"https:\/\/www.seairlandshots.com\/index.php\/wp-json\/wp\/v2\/types\/post"}],"author":[{"embeddable":true,"href":"https:\/\/www.seairlandshots.com\/index.php\/wp-json\/wp\/v2\/users\/11"}],"replies":[{"embeddable":true,"href":"https:\/\/www.seairlandshots.com\/index.php\/wp-json\/wp\/v2\/comments?post=6932"}],"version-history":[{"count":1,"href":"https:\/\/www.seairlandshots.com\/index.php\/wp-json\/wp\/v2\/posts\/6932\/revisions"}],"predecessor-version":[{"id":6942,"href":"https:\/\/www.seairlandshots.com\/index.php\/wp-json\/wp\/v2\/posts\/6932\/revisions\/6942"}],"wp:featuredmedia":[{"embeddable":true,"href":"https:\/\/www.seairlandshots.com\/index.php\/wp-json\/wp\/v2\/media\/6933"}],"wp:attachment":[{"href":"https:\/\/www.seairlandshots.com\/index.php\/wp-json\/wp\/v2\/media?parent=6932"}],"wp:term":[{"taxonomy":"category","embeddable":true,"href":"https:\/\/www.seairlandshots.com\/index.php\/wp-json\/wp\/v2\/categories?post=6932"},{"taxonomy":"post_tag","embeddable":true,"href":"https:\/\/www.seairlandshots.com\/index.php\/wp-json\/wp\/v2\/tags?post=6932"}],"curies":[{"name":"wp","href":"https:\/\/api.w.org\/{rel}","templated":true}]}}