{"id":4248,"date":"2020-09-02T18:25:39","date_gmt":"2020-09-02T16:25:39","guid":{"rendered":"https:\/\/www.seairlandshots.com\/?p=4248"},"modified":"2020-09-02T18:25:39","modified_gmt":"2020-09-02T16:25:39","slug":"trapani-cambio-comando-all82-centro-c-s-a-r","status":"publish","type":"post","link":"https:\/\/www.seairlandshots.com\/index.php\/2020\/09\/02\/trapani-cambio-comando-all82-centro-c-s-a-r\/","title":{"rendered":"Trapani: Cambio Comando all&#8217;82\u00b0 Centro C.S.A.R."},"content":{"rendered":"<p><img loading=\"lazy\" decoding=\"async\" class=\"aligncenter size-full wp-image-4249\" src=\"https:\/\/www.seairlandshots.com\/wp-content\/uploads\/2020\/09\/FIRMA-ALBO-ONORE.jpg\" alt=\"\" width=\"2048\" height=\"1479\" srcset=\"https:\/\/www.seairlandshots.com\/wp-content\/uploads\/2020\/09\/FIRMA-ALBO-ONORE.jpg 2048w, https:\/\/www.seairlandshots.com\/wp-content\/uploads\/2020\/09\/FIRMA-ALBO-ONORE-300x217.jpg 300w, https:\/\/www.seairlandshots.com\/wp-content\/uploads\/2020\/09\/FIRMA-ALBO-ONORE-768x555.jpg 768w, https:\/\/www.seairlandshots.com\/wp-content\/uploads\/2020\/09\/FIRMA-ALBO-ONORE-1024x740.jpg 1024w\" sizes=\"auto, (max-width: 2048px) 100vw, 2048px\" \/><\/p>\n<h3>L\u2019evento, presieduto dal Colonnello Sismondini, Comandante il 15\u00b0 Stormo di Cervia, si \u00e8 svolto nel rispetto delle restrizioni dovute al COVID &#8211; 19<\/h3>\n<p>Mercoled\u00ec 2 Settembre, presso l\u2019hangar S.A.R. della base aerea di Trapani Birgi , si \u00e8 svolta la cerimonia di passaggio di consegne al Comando dell\u201982\u00b0 Centro C.S.A.R..<\/p>\n<p>L\u2019evento, presieduto dal <strong>Colonnello Pilota Diego SISMONDINI<\/strong>, Comandante il 15\u00b0 Stormo di Cervia da cui il Centro dipende, si \u00e8 svolto con rammarico dei Comandanti, alla presenza del solo personale in forza al Reparto, nel rispetto delle misure restrittive dovute alla pandemia di COVID-19.<\/p>\n<figure id=\"attachment_4250\" aria-describedby=\"caption-attachment-4250\" style=\"width: 2048px\" class=\"wp-caption aligncenter\"><img loading=\"lazy\" decoding=\"async\" class=\"size-full wp-image-4250\" src=\"https:\/\/www.seairlandshots.com\/wp-content\/uploads\/2020\/09\/COMANDANTE-SUBENTRANTE-MAGG.-MOSCA-REPARTO-SCHIERATO.jpg\" alt=\"\" width=\"2048\" height=\"1378\" srcset=\"https:\/\/www.seairlandshots.com\/wp-content\/uploads\/2020\/09\/COMANDANTE-SUBENTRANTE-MAGG.-MOSCA-REPARTO-SCHIERATO.jpg 2048w, https:\/\/www.seairlandshots.com\/wp-content\/uploads\/2020\/09\/COMANDANTE-SUBENTRANTE-MAGG.-MOSCA-REPARTO-SCHIERATO-300x202.jpg 300w, https:\/\/www.seairlandshots.com\/wp-content\/uploads\/2020\/09\/COMANDANTE-SUBENTRANTE-MAGG.-MOSCA-REPARTO-SCHIERATO-768x517.jpg 768w, https:\/\/www.seairlandshots.com\/wp-content\/uploads\/2020\/09\/COMANDANTE-SUBENTRANTE-MAGG.-MOSCA-REPARTO-SCHIERATO-1024x689.jpg 1024w, https:\/\/www.seairlandshots.com\/wp-content\/uploads\/2020\/09\/COMANDANTE-SUBENTRANTE-MAGG.-MOSCA-REPARTO-SCHIERATO-110x75.jpg 110w\" sizes=\"auto, (max-width: 2048px) 100vw, 2048px\" \/><figcaption id=\"caption-attachment-4250\" class=\"wp-caption-text\">Comandante subentrante\u00a0 MAGG. Pil. Angelo MOSCA\u00a0<\/figcaption><\/figure>\n<p>Nel discorso di commiato, il Comandante uscente, <strong>Tenente Colonnello Pilota Boris PETRACCA<\/strong>, oltre a ricordare gli impegnativi compiti istituzionali del Centro, ha sottolineato che in un\u2019ottica di miglioramento ed efficientamento continuo, nell\u2019ultimo triennio l\u201982\u00b0 C.S.A.R ha acquisito la capacit\u00e0 AIB (Anti Incendi Boschivi) e ha incrementato le competenze tecnico\/manutentive portando il Centro ad essere un reparto d\u2019eccellenza dell\u2019Aeronautica Militare, riuscendo a far fronte a tutte le sfide e ai compiti affidatogli. Il comandante Petracca ha infine rivolto il suo pensiero al Maggiore Mosca, comandante subentrante, apprezzandone la professionalit\u00e0 e le competenze, con la certezza che condurr\u00e0 l\u201982\u00b0 verso mete sempre pi\u00f9 alte.<\/p>\n<figure id=\"attachment_4251\" aria-describedby=\"caption-attachment-4251\" style=\"width: 2048px\" class=\"wp-caption aligncenter\"><img loading=\"lazy\" decoding=\"async\" class=\"size-full wp-image-4251\" src=\"https:\/\/www.seairlandshots.com\/wp-content\/uploads\/2020\/09\/COMANDANTE-USCENTE-T.COL_.-PETRACCA.jpg\" alt=\"\" width=\"2048\" height=\"1479\" srcset=\"https:\/\/www.seairlandshots.com\/wp-content\/uploads\/2020\/09\/COMANDANTE-USCENTE-T.COL_.-PETRACCA.jpg 2048w, https:\/\/www.seairlandshots.com\/wp-content\/uploads\/2020\/09\/COMANDANTE-USCENTE-T.COL_.-PETRACCA-300x217.jpg 300w, https:\/\/www.seairlandshots.com\/wp-content\/uploads\/2020\/09\/COMANDANTE-USCENTE-T.COL_.-PETRACCA-768x555.jpg 768w, https:\/\/www.seairlandshots.com\/wp-content\/uploads\/2020\/09\/COMANDANTE-USCENTE-T.COL_.-PETRACCA-1024x740.jpg 1024w\" sizes=\"auto, (max-width: 2048px) 100vw, 2048px\" \/><figcaption id=\"caption-attachment-4251\" class=\"wp-caption-text\">Comandante uscente T.COL. Boris PETRACCA<\/figcaption><\/figure>\n<p>Il <strong>Magg. Pilota Angelo MOSCA<\/strong>, gi\u00e0 Capo Nucleo Operazioni dell\u201982\u00b0 Centro, ha innanzitutto espresso la propria gratitudine al Col. Sismondini per la fiducia accordatagli nel designarlo alla guida dell\u201982\u00b0 e la sua sincera ammirazione al Ten. Col. Petracca per essere stato una guida esemplare, ringraziandolo a nome suo e di tutti gli uomini del Centro. Rivolgendosi al personale del Reparto si \u00e8 detto certo che il Gruppo sapr\u00e0 far fronte, con lo spirito di reazione e adattamento che lo contraddistingue, a tutti i cambiamenti e alle nuove sfide che si presenteranno.<\/p>\n<p><img loading=\"lazy\" decoding=\"async\" class=\"aligncenter size-full wp-image-4255\" src=\"https:\/\/www.seairlandshots.com\/wp-content\/uploads\/2020\/09\/PASSAGGIO-DI-CONSEGNE-DA-T.COL_.-PETRACCA-A-MAGG.-MOSCA.jpg\" alt=\"\" width=\"2048\" height=\"1479\" srcset=\"https:\/\/www.seairlandshots.com\/wp-content\/uploads\/2020\/09\/PASSAGGIO-DI-CONSEGNE-DA-T.COL_.-PETRACCA-A-MAGG.-MOSCA.jpg 2048w, https:\/\/www.seairlandshots.com\/wp-content\/uploads\/2020\/09\/PASSAGGIO-DI-CONSEGNE-DA-T.COL_.-PETRACCA-A-MAGG.-MOSCA-300x217.jpg 300w, https:\/\/www.seairlandshots.com\/wp-content\/uploads\/2020\/09\/PASSAGGIO-DI-CONSEGNE-DA-T.COL_.-PETRACCA-A-MAGG.-MOSCA-768x555.jpg 768w, https:\/\/www.seairlandshots.com\/wp-content\/uploads\/2020\/09\/PASSAGGIO-DI-CONSEGNE-DA-T.COL_.-PETRACCA-A-MAGG.-MOSCA-1024x740.jpg 1024w\" sizes=\"auto, (max-width: 2048px) 100vw, 2048px\" \/><\/p>\n<p>Il Magg. Mosca ha infine voluto rivolgere un doveroso, ma colloquiale e sincero saluto agli organi di stampa e ai media giornalistici, evidenziando come \u00a0in oltre 11 anni in qualit\u00e0 di \u00a0addetto stampa dell\u201982\u00b0 ha potuto conoscere ed apprezzare professionisti che hanno contribuito a testimoniare l\u2019abnegazione e il coraggio degli uomini in azzurro. Rammaricandosi della\u00a0 assenza degli organi di stampa alla cerimonia ha rivolto loro un sincero: \u201cGrazie e continuate a raccontarci!\u201d<\/p>\n<figure id=\"attachment_4252\" aria-describedby=\"caption-attachment-4252\" style=\"width: 2048px\" class=\"wp-caption aligncenter\"><img loading=\"lazy\" decoding=\"async\" class=\"size-full wp-image-4252\" src=\"https:\/\/www.seairlandshots.com\/wp-content\/uploads\/2020\/09\/DISCORSO-COMANDANTE-15-STORMO-COL.-SISMONDINI.jpg\" alt=\"\" width=\"2048\" height=\"1441\" srcset=\"https:\/\/www.seairlandshots.com\/wp-content\/uploads\/2020\/09\/DISCORSO-COMANDANTE-15-STORMO-COL.-SISMONDINI.jpg 2048w, https:\/\/www.seairlandshots.com\/wp-content\/uploads\/2020\/09\/DISCORSO-COMANDANTE-15-STORMO-COL.-SISMONDINI-300x211.jpg 300w, https:\/\/www.seairlandshots.com\/wp-content\/uploads\/2020\/09\/DISCORSO-COMANDANTE-15-STORMO-COL.-SISMONDINI-768x540.jpg 768w, https:\/\/www.seairlandshots.com\/wp-content\/uploads\/2020\/09\/DISCORSO-COMANDANTE-15-STORMO-COL.-SISMONDINI-1024x721.jpg 1024w\" sizes=\"auto, (max-width: 2048px) 100vw, 2048px\" \/><figcaption id=\"caption-attachment-4252\" class=\"wp-caption-text\">Discorso del Comandante del 15\u00b0 STORMO COL. SISMONDINI<\/figcaption><\/figure>\n<p>Il Col. Sismondini ha espresso il suo vivo apprezzamento e plauso per il Comandante uscente in virt\u00f9 degli importanti obiettivi e traguardi raggiunti nei tre anni di comando. Per il Magg. Mosca il Comandante ha rivolto il suo pi\u00f9 sentito augurio per il nuovo incarico e per gli impegni che affronter\u00e0 nel prossimo futuro.<\/p>\n<p><img loading=\"lazy\" decoding=\"async\" class=\"aligncenter size-full wp-image-4253\" src=\"https:\/\/www.seairlandshots.com\/wp-content\/uploads\/2020\/09\/L82\u00b0CSAR.jpg\" alt=\"\" width=\"2048\" height=\"1479\" srcset=\"https:\/\/www.seairlandshots.com\/wp-content\/uploads\/2020\/09\/L82\u00b0CSAR.jpg 2048w, https:\/\/www.seairlandshots.com\/wp-content\/uploads\/2020\/09\/L82\u00b0CSAR-300x217.jpg 300w, https:\/\/www.seairlandshots.com\/wp-content\/uploads\/2020\/09\/L82\u00b0CSAR-768x555.jpg 768w, https:\/\/www.seairlandshots.com\/wp-content\/uploads\/2020\/09\/L82\u00b0CSAR-1024x740.jpg 1024w\" sizes=\"auto, (max-width: 2048px) 100vw, 2048px\" \/><\/p>\n<p>Al termine della cerimonia e delle successive operazioni di rito, l\u201982\u00b0 Centro C.S.A.R. ha ripreso la normale attivit\u00e0 nello svolgimento dei compiti istituzionali assegnatogli.<\/p>\n<p><em>\u00a0\u00a0 <\/em>L&#8217;82\u00b0 Centro \u00e8 uno dei Reparti del 15\u00b0 Stormo dell&#8217;Aeronautica Militare che garantisce, 24 ore su 24, 365 giorni l&#8217;anno, senza soluzione di continuit\u00e0, la ricerca ed il soccorso degli equipaggi di volo in difficolt\u00e0, concorrendo, inoltre, ad attivit\u00e0 di pubblica utilit\u00e0 quali la ricerca di dispersi in mare o in montagna, il trasporto sanitario d&#8217;urgenza di ammalati in pericolo di vita ed il soccorso di traumatizzati gravi, operando anche in condizioni meteorologiche marginali. Dal 2018 inoltre, il Reparto concorre attivamente al dispositivo Nazionale per la prevenzione e la lotta agli incendi boschivi, operando nel territorio siciliano.<\/p>\n<p><img loading=\"lazy\" decoding=\"async\" class=\"aligncenter size-full wp-image-4256\" src=\"https:\/\/www.seairlandshots.com\/wp-content\/uploads\/2020\/09\/SCHIERAMENTO.jpg\" alt=\"\" width=\"2048\" height=\"1479\" srcset=\"https:\/\/www.seairlandshots.com\/wp-content\/uploads\/2020\/09\/SCHIERAMENTO.jpg 2048w, https:\/\/www.seairlandshots.com\/wp-content\/uploads\/2020\/09\/SCHIERAMENTO-300x217.jpg 300w, https:\/\/www.seairlandshots.com\/wp-content\/uploads\/2020\/09\/SCHIERAMENTO-768x555.jpg 768w, https:\/\/www.seairlandshots.com\/wp-content\/uploads\/2020\/09\/SCHIERAMENTO-1024x740.jpg 1024w\" sizes=\"auto, (max-width: 2048px) 100vw, 2048px\" \/><\/p>\n<p><strong>Dalla sua costituzione ad oggi, gli equipaggi del 15\u00b0 Stormo hanno salvato pi\u00f9 di 7300 persone in pericolo di vita.<\/strong><\/p>\n<p><img loading=\"lazy\" decoding=\"async\" class=\"aligncenter size-full wp-image-4254\" src=\"https:\/\/www.seairlandshots.com\/wp-content\/uploads\/2020\/09\/STENDARDO-REPARTO.jpg\" alt=\"\" width=\"2048\" height=\"1479\" srcset=\"https:\/\/www.seairlandshots.com\/wp-content\/uploads\/2020\/09\/STENDARDO-REPARTO.jpg 2048w, https:\/\/www.seairlandshots.com\/wp-content\/uploads\/2020\/09\/STENDARDO-REPARTO-300x217.jpg 300w, https:\/\/www.seairlandshots.com\/wp-content\/uploads\/2020\/09\/STENDARDO-REPARTO-768x555.jpg 768w, https:\/\/www.seairlandshots.com\/wp-content\/uploads\/2020\/09\/STENDARDO-REPARTO-1024x740.jpg 1024w\" sizes=\"auto, (max-width: 2048px) 100vw, 2048px\" \/><\/p>\n<p>&nbsp;<\/p>\n<p><em>Testo e foto AM<\/em><\/p>\n","protected":false},"excerpt":{"rendered":"<p>L\u2019evento, presieduto dal Colonnello Sismondini, Comandante il 15\u00b0 Stormo di Cervia, si \u00e8 svolto nel rispetto delle restrizioni dovute al COVID &#8211; 19 Mercoled\u00ec 2 Settembre, presso l\u2019hangar S.A.R. della base aerea di Trapani Birgi , si \u00e8 svolta la cerimonia di passaggio di consegne al Comando dell\u201982\u00b0 Centro C.S.A.R.. L\u2019evento, presieduto dal Colonnello Pilota &hellip;<\/p>\n","protected":false},"author":1,"featured_media":4249,"comment_status":"closed","ping_status":"closed","sticky":false,"template":"","format":"standard","meta":{"footnotes":""},"categories":[5],"tags":[155,53],"class_list":["post-4248","post","type-post","status-publish","format-standard","has-post-thumbnail","","category-aeronautica_militare","tag-82-csar","tag-trapani"],"_links":{"self":[{"href":"https:\/\/www.seairlandshots.com\/index.php\/wp-json\/wp\/v2\/posts\/4248","targetHints":{"allow":["GET"]}}],"collection":[{"href":"https:\/\/www.seairlandshots.com\/index.php\/wp-json\/wp\/v2\/posts"}],"about":[{"href":"https:\/\/www.seairlandshots.com\/index.php\/wp-json\/wp\/v2\/types\/post"}],"author":[{"embeddable":true,"href":"https:\/\/www.seairlandshots.com\/index.php\/wp-json\/wp\/v2\/users\/1"}],"replies":[{"embeddable":true,"href":"https:\/\/www.seairlandshots.com\/index.php\/wp-json\/wp\/v2\/comments?post=4248"}],"version-history":[{"count":1,"href":"https:\/\/www.seairlandshots.com\/index.php\/wp-json\/wp\/v2\/posts\/4248\/revisions"}],"predecessor-version":[{"id":4257,"href":"https:\/\/www.seairlandshots.com\/index.php\/wp-json\/wp\/v2\/posts\/4248\/revisions\/4257"}],"wp:featuredmedia":[{"embeddable":true,"href":"https:\/\/www.seairlandshots.com\/index.php\/wp-json\/wp\/v2\/media\/4249"}],"wp:attachment":[{"href":"https:\/\/www.seairlandshots.com\/index.php\/wp-json\/wp\/v2\/media?parent=4248"}],"wp:term":[{"taxonomy":"category","embeddable":true,"href":"https:\/\/www.seairlandshots.com\/index.php\/wp-json\/wp\/v2\/categories?post=4248"},{"taxonomy":"post_tag","embeddable":true,"href":"https:\/\/www.seairlandshots.com\/index.php\/wp-json\/wp\/v2\/tags?post=4248"}],"curies":[{"name":"wp","href":"https:\/\/api.w.org\/{rel}","templated":true}]}}