{"id":3956,"date":"2020-03-19T18:51:20","date_gmt":"2020-03-19T17:51:20","guid":{"rendered":"https:\/\/www.seairlandshots.com\/?p=3956"},"modified":"2021-12-08T12:22:05","modified_gmt":"2021-12-08T11:22:05","slug":"le-volpi-del-veneto","status":"publish","type":"post","link":"https:\/\/www.seairlandshots.com\/index.php\/2020\/03\/19\/le-volpi-del-veneto\/","title":{"rendered":"Le Volpi del Veneto"},"content":{"rendered":"<p>&nbsp;<\/p>\n<div class=\"box note  \"><div class=\"box-inner-block\"><i class=\"fa tie-shortcode-boxicon\"><\/i>\n\t\t\t<a href=\"http:\/\/www.edaiperiodici.it\/jp4\/numeri\/dettaglio\/jp4-febbraio-2020\">L&#8217;articolo \u00e8 stato pubblicato sul numero di Febbraio 2020 della rivista &#8220;JP4 Mensile di Aeronautica e Spazio&#8221; della EDAI Editrice<\/a>\n\t\t\t<\/div><\/div>\n<p><img loading=\"lazy\" decoding=\"async\" class=\"aligncenter size-full wp-image-3960\" src=\"https:\/\/www.seairlandshots.com\/wp-content\/uploads\/2020\/03\/PALANTRANI-Sez.-Aerea-GdiF-Venezia-63.jpg\" alt=\"\" width=\"1024\" height=\"683\" srcset=\"https:\/\/www.seairlandshots.com\/wp-content\/uploads\/2020\/03\/PALANTRANI-Sez.-Aerea-GdiF-Venezia-63.jpg 1024w, https:\/\/www.seairlandshots.com\/wp-content\/uploads\/2020\/03\/PALANTRANI-Sez.-Aerea-GdiF-Venezia-63-300x200.jpg 300w, https:\/\/www.seairlandshots.com\/wp-content\/uploads\/2020\/03\/PALANTRANI-Sez.-Aerea-GdiF-Venezia-63-768x512.jpg 768w\" sizes=\"auto, (max-width: 1024px) 100vw, 1024px\" \/><\/p>\n<div class=\"box shadow  \"><div class=\"box-inner-block\"><i class=\"fa tie-shortcode-boxicon\"><\/i>\n\t\t\tTesto e foto di Guglielmo Guglielmi e Alessandro Palantrani\n\t\t\t<\/div><\/div>\n<p>Inaugurata a Padova il 25 agosto del 1956, terza in ordine di creazione su quindici operative, quali Napoli-Capodichino, Palermo-Boccadifalco, Venezia-Tessera, Genova-Sanpierdarena, Pisa-San Giusto, Pescara, Pratica di Mare, Bolzano, Cagliari-Elmas, Bari-Palese, Rimini-Miramare, Lamezia-Terme, Catania-Fontanarossa, Taranto-Grottaglie, infine Venegono, la Sezione Aerea di Venezia della Guardia di Finanza, ha la propria sede all\u2019interno del sedime aeroportuale dell\u2019 Aeroporto \u201cMarco Polo\u201d di Venezia-Tessera.<\/p>\n<p><img loading=\"lazy\" decoding=\"async\" class=\"aligncenter size-full wp-image-3962\" src=\"https:\/\/www.seairlandshots.com\/wp-content\/uploads\/2020\/03\/G.Guglielmi_00010_08.jpg\" alt=\"\" width=\"1024\" height=\"680\" srcset=\"https:\/\/www.seairlandshots.com\/wp-content\/uploads\/2020\/03\/G.Guglielmi_00010_08.jpg 1024w, https:\/\/www.seairlandshots.com\/wp-content\/uploads\/2020\/03\/G.Guglielmi_00010_08-300x199.jpg 300w, https:\/\/www.seairlandshots.com\/wp-content\/uploads\/2020\/03\/G.Guglielmi_00010_08-768x510.jpg 768w, https:\/\/www.seairlandshots.com\/wp-content\/uploads\/2020\/03\/G.Guglielmi_00010_08-310x205.jpg 310w\" sizes=\"auto, (max-width: 1024px) 100vw, 1024px\" \/><br \/>\nLa caserma, di nuovissima e moderna costruzione, \u00e8 intitolata al <strong>Maresciallo Maggiore specialista Ferdinando Zorzutti<\/strong>, deceduto il 12 luglio del 1991 durante una missione operativa lungo la costa Veneta mentre era a bordo dell\u2019NH 500 \u201cVolpe 97\u201d.<\/p>\n<p><img loading=\"lazy\" decoding=\"async\" class=\"aligncenter size-full wp-image-3963\" src=\"https:\/\/www.seairlandshots.com\/wp-content\/uploads\/2020\/03\/G.Guglielmi_00010_09.jpg\" alt=\"\" width=\"1024\" height=\"680\" srcset=\"https:\/\/www.seairlandshots.com\/wp-content\/uploads\/2020\/03\/G.Guglielmi_00010_09.jpg 1024w, https:\/\/www.seairlandshots.com\/wp-content\/uploads\/2020\/03\/G.Guglielmi_00010_09-300x199.jpg 300w, https:\/\/www.seairlandshots.com\/wp-content\/uploads\/2020\/03\/G.Guglielmi_00010_09-768x510.jpg 768w, https:\/\/www.seairlandshots.com\/wp-content\/uploads\/2020\/03\/G.Guglielmi_00010_09-310x205.jpg 310w\" sizes=\"auto, (max-width: 1024px) 100vw, 1024px\" \/><br \/>\nParti integranti del Comparto Aeronavale della Guardia di Finanza, alle Sezioni Aeree equipaggiate tutte con mezzi ad ala rotante, \u00e8 affidato, oltre al mantenimento dell\u2019ordine e della pubblica sicurezza, il controllo delle zone costiere e del territorio mentre il pattugliamento a largo raggio \u00e8 svolto del G.E.A. (Gruppo Esplorazione Aeromarittima) di Pratica di Mare, che opera con velivoli ad ala fissa Piaggio P 166DP1 SEM e ATR 42MP (sono in consegna quattro ATR 72MP).<\/p>\n<p><img loading=\"lazy\" decoding=\"async\" class=\"aligncenter size-full wp-image-3964\" src=\"https:\/\/www.seairlandshots.com\/wp-content\/uploads\/2020\/03\/PALANTRANI-Sez.-Aerea-GdiF-Venezia-11.jpg\" alt=\"\" width=\"1024\" height=\"683\" srcset=\"https:\/\/www.seairlandshots.com\/wp-content\/uploads\/2020\/03\/PALANTRANI-Sez.-Aerea-GdiF-Venezia-11.jpg 1024w, https:\/\/www.seairlandshots.com\/wp-content\/uploads\/2020\/03\/PALANTRANI-Sez.-Aerea-GdiF-Venezia-11-300x200.jpg 300w, https:\/\/www.seairlandshots.com\/wp-content\/uploads\/2020\/03\/PALANTRANI-Sez.-Aerea-GdiF-Venezia-11-768x512.jpg 768w\" sizes=\"auto, (max-width: 1024px) 100vw, 1024px\" \/><br \/>\nIl territorio di competenza operativa \u00e8 davvero molto vasto, comprendendo il Veneto, il Friuli Venezia Giulia e la Provincia di Mantova.<br \/>\nIl reparto dipende dal ROAN (Reparto Operativo Aero Navale) di Venezia ed ha i seguenti compiti, come riconosciuto dal recente Decreto di Sicurezza:<br \/>\nPolizia del mare,<br \/>\nPolizia ambientale e demaniale, con il sequestro di discariche abusive e di edifici con coperture in cemento amianto (ETERNIT) deteriorate e quindi pericolose per la salute pubblica.<br \/>\nSupporto ai reparti territoriali in attivit\u00e0 antidroga, con ricerca di piantagioni di marijuana<br \/>\nPolizia economico-finanziaria, controllo economico del territorio (C.E.TE.) che consiste nel ricercare \u201cindici di capacit\u00e0 contributiva\u201d (es: ville con piscina) per poi verificarne la congruit\u00e0 con il reddito,<br \/>\nControllo della Pesca<br \/>\nSupporto e copertura aerea durante le operazioni ad alto rischio (Arresti, sequestri, ecc.)<br \/>\nConcorso in operazioni di protezione civile e S.A.R. (ricerca e soccorso).<\/p>\n<p><img loading=\"lazy\" decoding=\"async\" class=\"aligncenter size-full wp-image-3965\" src=\"https:\/\/www.seairlandshots.com\/wp-content\/uploads\/2020\/03\/G.Guglielmi_00010_04.jpg\" alt=\"\" width=\"1024\" height=\"680\" srcset=\"https:\/\/www.seairlandshots.com\/wp-content\/uploads\/2020\/03\/G.Guglielmi_00010_04.jpg 1024w, https:\/\/www.seairlandshots.com\/wp-content\/uploads\/2020\/03\/G.Guglielmi_00010_04-300x199.jpg 300w, https:\/\/www.seairlandshots.com\/wp-content\/uploads\/2020\/03\/G.Guglielmi_00010_04-768x510.jpg 768w, https:\/\/www.seairlandshots.com\/wp-content\/uploads\/2020\/03\/G.Guglielmi_00010_04-310x205.jpg 310w\" sizes=\"auto, (max-width: 1024px) 100vw, 1024px\" \/><br \/>\nPer quest\u2019ultimo scopo, il reparto, \u00e8 stato impegnato in esercitazioni S.A.R. (Search and Rescue) come quella internazionale \u201cSQUALO\u201d, negli anni in cui \u00e8 stata svolta nell\u2019ambito della loro circoscrizione di servizio. La Sezione Aerea di Venezia \u00e8 inoltre coinvolta nei dispositivi di Pubblica Sicurezza in mare durante i \u201cGrandi Eventi\u201d come ad esempio la \u201cMostra del Cinema di Venezia\u201d che si svolge annualmente al Lido di Venezia ed ovviamente in esercitazioni congiunte con altre Sezioni Aeree del Corpo oltre che con gli specialisti del Soccorso Alpino per simulazioni di soccorso complesse in ambito montano.<\/p>\n<p><img loading=\"lazy\" decoding=\"async\" class=\"aligncenter size-full wp-image-3966\" src=\"https:\/\/www.seairlandshots.com\/wp-content\/uploads\/2020\/03\/PALANTRANI-Sez.-Aerea-GdiF-Venezia-21.jpg\" alt=\"\" width=\"1024\" height=\"683\" srcset=\"https:\/\/www.seairlandshots.com\/wp-content\/uploads\/2020\/03\/PALANTRANI-Sez.-Aerea-GdiF-Venezia-21.jpg 1024w, https:\/\/www.seairlandshots.com\/wp-content\/uploads\/2020\/03\/PALANTRANI-Sez.-Aerea-GdiF-Venezia-21-300x200.jpg 300w, https:\/\/www.seairlandshots.com\/wp-content\/uploads\/2020\/03\/PALANTRANI-Sez.-Aerea-GdiF-Venezia-21-768x512.jpg 768w\" sizes=\"auto, (max-width: 1024px) 100vw, 1024px\" \/><br \/>\nGrande l&#8217;apporto che la Sezione d\u00e0 in ambito di operazioni di Polizia Ambientale e a proposito di ci\u00f2 \u00e8 da segnalare la partecipazione all&#8217;esercitazione internazionale \u201c30 Days at Sea\u201d nell\u2019ambito della quale veniva richiesto a tutti i Reparti impiegati, ciascuno per la propria competenza, di ricercare e sanzionare episodi d\u2019inquinamento in mare o di tutti quelle fonti di potenziale inquinamento dell\u2019habitat marino.<\/p>\n<p><img loading=\"lazy\" decoding=\"async\" class=\"aligncenter size-full wp-image-3971\" src=\"https:\/\/www.seairlandshots.com\/wp-content\/uploads\/2020\/03\/G.Guglielmi10.jpg\" alt=\"\" width=\"1024\" height=\"685\" srcset=\"https:\/\/www.seairlandshots.com\/wp-content\/uploads\/2020\/03\/G.Guglielmi10.jpg 1024w, https:\/\/www.seairlandshots.com\/wp-content\/uploads\/2020\/03\/G.Guglielmi10-300x201.jpg 300w, https:\/\/www.seairlandshots.com\/wp-content\/uploads\/2020\/03\/G.Guglielmi10-768x514.jpg 768w, https:\/\/www.seairlandshots.com\/wp-content\/uploads\/2020\/03\/G.Guglielmi10-110x75.jpg 110w\" sizes=\"auto, (max-width: 1024px) 100vw, 1024px\" \/><br \/>\nNell\u2019 occasione sono stati imbarcati dei colleghi dei Reparti territoriali, per la ricognizione aerea dei fiumi, allo scopo di rilevare possibili scarichi non autorizzati, e segnalato alle unit\u00e0 navali, delle opalescenze da idrocarburi provenienti dallo scarico delle acque di sentina della navi per gli approfondimenti del caso.<br \/>\nPer garantire i compiti assegnati, la Sezione Aerea di Venezia ha effettuato, nel 2019, circa 500 ore di volo, tra missioni operative ed addestrative.<\/p>\n<p><img loading=\"lazy\" decoding=\"async\" class=\"aligncenter size-full wp-image-3968\" src=\"https:\/\/www.seairlandshots.com\/wp-content\/uploads\/2020\/03\/PALANTRANI-Sez.-Aerea-GdiF-Venezia-61.jpg\" alt=\"\" width=\"1024\" height=\"683\" srcset=\"https:\/\/www.seairlandshots.com\/wp-content\/uploads\/2020\/03\/PALANTRANI-Sez.-Aerea-GdiF-Venezia-61.jpg 1024w, https:\/\/www.seairlandshots.com\/wp-content\/uploads\/2020\/03\/PALANTRANI-Sez.-Aerea-GdiF-Venezia-61-300x200.jpg 300w, https:\/\/www.seairlandshots.com\/wp-content\/uploads\/2020\/03\/PALANTRANI-Sez.-Aerea-GdiF-Venezia-61-768x512.jpg 768w\" sizes=\"auto, (max-width: 1024px) 100vw, 1024px\" \/><br \/>\nCi teniamo particolarmente ad evidenziare che, durante la nostra permanenza presso la Sezione Aerea (dall\u2019 11 novembre 2019), per effettuare le riprese fotografiche, siamo stati testimoni oculari della prontezza operativa di tutto il personale della Sezione Aerea di Venezia, che ha fornito, ancora una volta, un preziosissimo contributo alla popolazione andando prontamente in volo, con l&#8217; MCH-109A Nexus \u201c<strong>Volpe 314<\/strong>\u201d, rilevando dall\u2019alto gli ingenti danni, che hanno messo in ginocchio la citt\u00e0 di Venezia, causati dal fenomeno dell\u2019acqua alta (ben 187 cm), con un innalzamento record (dal 1967 ad oggi). Il Nexus delle Fiamme Gialle ha la possibilit\u00e0 di trasmettere ad una stazione a terra, grazie a un sistema \u201cvideolink\u201d digitale, le immagini catturate tramite il sistema \u201dSea Flir II\u201d , cos\u00ec da poter fornire alle centrali operative la situazione in tempo reale.<\/p>\n<p><img loading=\"lazy\" decoding=\"async\" class=\"aligncenter size-full wp-image-3969\" src=\"https:\/\/www.seairlandshots.com\/wp-content\/uploads\/2020\/03\/Gu-scann_00001.jpg\" alt=\"\" width=\"1024\" height=\"680\" srcset=\"https:\/\/www.seairlandshots.com\/wp-content\/uploads\/2020\/03\/Gu-scann_00001.jpg 1024w, https:\/\/www.seairlandshots.com\/wp-content\/uploads\/2020\/03\/Gu-scann_00001-300x199.jpg 300w, https:\/\/www.seairlandshots.com\/wp-content\/uploads\/2020\/03\/Gu-scann_00001-768x510.jpg 768w, https:\/\/www.seairlandshots.com\/wp-content\/uploads\/2020\/03\/Gu-scann_00001-310x205.jpg 310w\" sizes=\"auto, (max-width: 1024px) 100vw, 1024px\" \/><br \/>\nIl Comando della Sezione Aerea di Venezia \u00e8 attualmente affidato al <strong>Capitano Pilota Enrico Gentile<\/strong>, ed \u00e8 formato da un Nucleo Operativo composto da altri sette piloti, da un Nucleo Efficienza composto da nove specialisti manutentori di elicotteri, e da un Nucleo Comando con otto militari.<\/p>\n<p><img loading=\"lazy\" decoding=\"async\" class=\"aligncenter size-full wp-image-3970\" src=\"https:\/\/www.seairlandshots.com\/wp-content\/uploads\/2020\/03\/PALANTRANI-Sez.-Aerea-GdiF-Venezia-46.jpg\" alt=\"\" width=\"1024\" height=\"705\" srcset=\"https:\/\/www.seairlandshots.com\/wp-content\/uploads\/2020\/03\/PALANTRANI-Sez.-Aerea-GdiF-Venezia-46.jpg 1024w, https:\/\/www.seairlandshots.com\/wp-content\/uploads\/2020\/03\/PALANTRANI-Sez.-Aerea-GdiF-Venezia-46-300x207.jpg 300w, https:\/\/www.seairlandshots.com\/wp-content\/uploads\/2020\/03\/PALANTRANI-Sez.-Aerea-GdiF-Venezia-46-768x529.jpg 768w, https:\/\/www.seairlandshots.com\/wp-content\/uploads\/2020\/03\/PALANTRANI-Sez.-Aerea-GdiF-Venezia-46-110x75.jpg 110w\" sizes=\"auto, (max-width: 1024px) 100vw, 1024px\" \/><\/p>\n<p>Attualmente la Sezione Aerea di Venezia opera con un Breda Nardi-Hughes NH-500MD (<strong>Volpe 119<\/strong>\/ MM 81139 ) e due Agusta Westland MCH-109A Nexus (<strong>Volpe 305<\/strong>\/ MM 81683 e <strong>Volpe 314<\/strong>\/ MM 81702).<br \/>\nIn servizio con la Guardia di Finanza dal 1973, l&#8217;NH 500 \u00e8 il pi\u00f9 anziano degli elicotteri in carico al Corpo. E&#8217; molto amato dagli equipaggi e dagli specialisti per l&#8217;agilit\u00e0 di pilotaggio e la semplicit\u00e0 nella manutenzione ma \u00e8 un elicottero appartenente ad una generazione oramai passata, e come tale, non \u00e8 dotato di strumenti all\u2019avanguardia con i tempi.<br \/>\nL&#8217;Agusta Westland MCH-109A Nexus \u00e8 invece un elicottero moderno e ben strumentato Grazie agli apparati di bordo \u00e8 in grado di operare in condizioni ogni tempo di giorno e di notte. Tra le dotazioni segnaliamo:<br \/>\nRadar Meteo\/Ricerca Telephonics RDR-1500B+<br \/>\nFlir Sea Flir II<br \/>\nSistema Trasmissione Video IPR D-ATKS<br \/>\nAIS Trasponder in banda VHF\/FM SAAB R4A<br \/>\nMappa Digitale Skyforce Observer MK II<br \/>\nDME Collins DME-4000<br \/>\nVOR\/ILS-ADF Collins NAV-4000<br \/>\nVOR\/ILS Collins NAV-4500<br \/>\nFMS Universal Avionics UNS-1L<\/p>\n<p><img loading=\"lazy\" decoding=\"async\" class=\"aligncenter size-full wp-image-3972\" src=\"https:\/\/www.seairlandshots.com\/wp-content\/uploads\/2020\/03\/G.Guglielmi_00010_10.jpg\" alt=\"\" width=\"1024\" height=\"699\" srcset=\"https:\/\/www.seairlandshots.com\/wp-content\/uploads\/2020\/03\/G.Guglielmi_00010_10.jpg 1024w, https:\/\/www.seairlandshots.com\/wp-content\/uploads\/2020\/03\/G.Guglielmi_00010_10-300x205.jpg 300w, https:\/\/www.seairlandshots.com\/wp-content\/uploads\/2020\/03\/G.Guglielmi_00010_10-768x524.jpg 768w, https:\/\/www.seairlandshots.com\/wp-content\/uploads\/2020\/03\/G.Guglielmi_00010_10-110x75.jpg 110w\" sizes=\"auto, (max-width: 1024px) 100vw, 1024px\" \/><br \/>\nGrazie a questa completa suite di missione, il \u201cNexus\u201d pu\u00f2 operare di notte acquisendo immagini estremamente dettagliate pur rimanendo a notevole distanza (ha un&#8217;autonomia oraria di 3,5 ore). L&#8217;equipaggio \u00e8 formato da tre persone (pilota Capo equipaggio, secondo pilota e specialista) e pu\u00f2 imbarcare ulteriori 5 passeggeri.<br \/>\nIn futuro molto probabilmente a Venezia saranno assegnati alcuni esemplari del nuovissimo Agusta Westland AW 169 da poco entrato a far parte dei mezzi in dotazione del Corpo e questo porter\u00e0 ad un ulteriore salto tecnologico per le Volpi della Laguna.<\/p>\n<p><img loading=\"lazy\" decoding=\"async\" class=\"aligncenter size-full wp-image-3973\" src=\"https:\/\/www.seairlandshots.com\/wp-content\/uploads\/2020\/03\/PALANTRANI-Sez.-Aerea-GdiF-Venezia-47.jpg\" alt=\"\" width=\"1024\" height=\"683\" srcset=\"https:\/\/www.seairlandshots.com\/wp-content\/uploads\/2020\/03\/PALANTRANI-Sez.-Aerea-GdiF-Venezia-47.jpg 1024w, https:\/\/www.seairlandshots.com\/wp-content\/uploads\/2020\/03\/PALANTRANI-Sez.-Aerea-GdiF-Venezia-47-300x200.jpg 300w, https:\/\/www.seairlandshots.com\/wp-content\/uploads\/2020\/03\/PALANTRANI-Sez.-Aerea-GdiF-Venezia-47-768x512.jpg 768w\" sizes=\"auto, (max-width: 1024px) 100vw, 1024px\" \/><\/p>\n<div id='gallery-1' class='gallery galleryid-3956 gallery-columns-6 gallery-size-thumbnail'><figure class='gallery-item'>\n\t\t\t<div class='gallery-icon landscape'>\n\t\t\t\t<a href='https:\/\/www.seairlandshots.com\/wp-content\/uploads\/2020\/03\/G.Guglielmi_00001_02.jpg'><img loading=\"lazy\" decoding=\"async\" width=\"150\" height=\"150\" src=\"https:\/\/www.seairlandshots.com\/wp-content\/uploads\/2020\/03\/G.Guglielmi_00001_02-150x150.jpg\" class=\"attachment-thumbnail size-thumbnail\" alt=\"\" \/><\/a>\n\t\t\t<\/div><\/figure><figure class='gallery-item'>\n\t\t\t<div class='gallery-icon landscape'>\n\t\t\t\t<a href='https:\/\/www.seairlandshots.com\/wp-content\/uploads\/2020\/03\/PALANTRANI-Sez.-Aerea-GdiF-Venezia-44.jpg'><img loading=\"lazy\" decoding=\"async\" width=\"150\" height=\"150\" src=\"https:\/\/www.seairlandshots.com\/wp-content\/uploads\/2020\/03\/PALANTRANI-Sez.-Aerea-GdiF-Venezia-44-150x150.jpg\" class=\"attachment-thumbnail size-thumbnail\" alt=\"\" \/><\/a>\n\t\t\t<\/div><\/figure><figure class='gallery-item'>\n\t\t\t<div class='gallery-icon landscape'>\n\t\t\t\t<a href='https:\/\/www.seairlandshots.com\/wp-content\/uploads\/2020\/03\/PALANTRANI-Sez.-Aerea-GdiF-Venezia-113.jpg'><img loading=\"lazy\" decoding=\"async\" width=\"150\" height=\"150\" src=\"https:\/\/www.seairlandshots.com\/wp-content\/uploads\/2020\/03\/PALANTRANI-Sez.-Aerea-GdiF-Venezia-113-150x150.jpg\" class=\"attachment-thumbnail size-thumbnail\" alt=\"\" \/><\/a>\n\t\t\t<\/div><\/figure><figure class='gallery-item'>\n\t\t\t<div class='gallery-icon landscape'>\n\t\t\t\t<a href='https:\/\/www.seairlandshots.com\/wp-content\/uploads\/2020\/03\/PALANTRANI-Sez.-Aerea-GdiF-Venezia-86.jpg'><img loading=\"lazy\" decoding=\"async\" width=\"150\" height=\"150\" src=\"https:\/\/www.seairlandshots.com\/wp-content\/uploads\/2020\/03\/PALANTRANI-Sez.-Aerea-GdiF-Venezia-86-150x150.jpg\" class=\"attachment-thumbnail size-thumbnail\" alt=\"\" \/><\/a>\n\t\t\t<\/div><\/figure><figure class='gallery-item'>\n\t\t\t<div class='gallery-icon landscape'>\n\t\t\t\t<a href='https:\/\/www.seairlandshots.com\/wp-content\/uploads\/2020\/03\/PALANTRANI-Sez.-Aerea-GdiF-Venezia-89.jpg'><img loading=\"lazy\" decoding=\"async\" width=\"150\" height=\"150\" src=\"https:\/\/www.seairlandshots.com\/wp-content\/uploads\/2020\/03\/PALANTRANI-Sez.-Aerea-GdiF-Venezia-89-150x150.jpg\" class=\"attachment-thumbnail size-thumbnail\" alt=\"\" \/><\/a>\n\t\t\t<\/div><\/figure><figure class='gallery-item'>\n\t\t\t<div class='gallery-icon landscape'>\n\t\t\t\t<a href='https:\/\/www.seairlandshots.com\/wp-content\/uploads\/2020\/03\/PALANTRANI-Sez.-Aerea-GdiF-Venezia-93.jpg'><img loading=\"lazy\" decoding=\"async\" width=\"150\" height=\"150\" src=\"https:\/\/www.seairlandshots.com\/wp-content\/uploads\/2020\/03\/PALANTRANI-Sez.-Aerea-GdiF-Venezia-93-150x150.jpg\" class=\"attachment-thumbnail size-thumbnail\" alt=\"\" \/><\/a>\n\t\t\t<\/div><\/figure><figure class='gallery-item'>\n\t\t\t<div class='gallery-icon landscape'>\n\t\t\t\t<a href='https:\/\/www.seairlandshots.com\/wp-content\/uploads\/2020\/03\/PALANTRANI-Sez.-Aerea-GdiF-Venezia-121.jpg'><img loading=\"lazy\" decoding=\"async\" width=\"150\" height=\"150\" src=\"https:\/\/www.seairlandshots.com\/wp-content\/uploads\/2020\/03\/PALANTRANI-Sez.-Aerea-GdiF-Venezia-121-150x150.jpg\" class=\"attachment-thumbnail size-thumbnail\" alt=\"\" \/><\/a>\n\t\t\t<\/div><\/figure><figure class='gallery-item'>\n\t\t\t<div class='gallery-icon landscape'>\n\t\t\t\t<a href='https:\/\/www.seairlandshots.com\/wp-content\/uploads\/2020\/03\/G.Guglielmi_00001.jpg'><img loading=\"lazy\" decoding=\"async\" width=\"150\" height=\"150\" src=\"https:\/\/www.seairlandshots.com\/wp-content\/uploads\/2020\/03\/G.Guglielmi_00001-150x150.jpg\" class=\"attachment-thumbnail size-thumbnail\" alt=\"\" \/><\/a>\n\t\t\t<\/div><\/figure><figure class='gallery-item'>\n\t\t\t<div class='gallery-icon landscape'>\n\t\t\t\t<a href='https:\/\/www.seairlandshots.com\/wp-content\/uploads\/2020\/03\/G.Guglielmi_00001_04.jpg'><img loading=\"lazy\" decoding=\"async\" width=\"150\" height=\"150\" src=\"https:\/\/www.seairlandshots.com\/wp-content\/uploads\/2020\/03\/G.Guglielmi_00001_04-150x150.jpg\" class=\"attachment-thumbnail size-thumbnail\" alt=\"\" \/><\/a>\n\t\t\t<\/div><\/figure><figure class='gallery-item'>\n\t\t\t<div class='gallery-icon landscape'>\n\t\t\t\t<a href='https:\/\/www.seairlandshots.com\/wp-content\/uploads\/2020\/03\/G.Guglielmi_00001_05.jpg'><img loading=\"lazy\" decoding=\"async\" width=\"150\" height=\"150\" src=\"https:\/\/www.seairlandshots.com\/wp-content\/uploads\/2020\/03\/G.Guglielmi_00001_05-150x150.jpg\" class=\"attachment-thumbnail size-thumbnail\" alt=\"\" \/><\/a>\n\t\t\t<\/div><\/figure><figure class='gallery-item'>\n\t\t\t<div class='gallery-icon landscape'>\n\t\t\t\t<a href='https:\/\/www.seairlandshots.com\/wp-content\/uploads\/2020\/03\/G.Guglielmi_00001_06.jpg'><img loading=\"lazy\" decoding=\"async\" width=\"150\" height=\"150\" src=\"https:\/\/www.seairlandshots.com\/wp-content\/uploads\/2020\/03\/G.Guglielmi_00001_06-150x150.jpg\" class=\"attachment-thumbnail size-thumbnail\" alt=\"\" \/><\/a>\n\t\t\t<\/div><\/figure><figure class='gallery-item'>\n\t\t\t<div class='gallery-icon landscape'>\n\t\t\t\t<a href='https:\/\/www.seairlandshots.com\/wp-content\/uploads\/2020\/03\/G.Guglielmi_00010_01.jpg'><img loading=\"lazy\" decoding=\"async\" width=\"150\" height=\"150\" src=\"https:\/\/www.seairlandshots.com\/wp-content\/uploads\/2020\/03\/G.Guglielmi_00010_01-150x150.jpg\" class=\"attachment-thumbnail size-thumbnail\" alt=\"\" \/><\/a>\n\t\t\t<\/div><\/figure><figure class='gallery-item'>\n\t\t\t<div class='gallery-icon landscape'>\n\t\t\t\t<a href='https:\/\/www.seairlandshots.com\/wp-content\/uploads\/2020\/03\/G.Guglielmi_00010_03.jpg'><img loading=\"lazy\" decoding=\"async\" width=\"150\" height=\"150\" src=\"https:\/\/www.seairlandshots.com\/wp-content\/uploads\/2020\/03\/G.Guglielmi_00010_03-150x150.jpg\" class=\"attachment-thumbnail size-thumbnail\" alt=\"\" \/><\/a>\n\t\t\t<\/div><\/figure><figure class='gallery-item'>\n\t\t\t<div class='gallery-icon landscape'>\n\t\t\t\t<a href='https:\/\/www.seairlandshots.com\/wp-content\/uploads\/2020\/03\/G.Guglielmi_00013.jpg'><img loading=\"lazy\" decoding=\"async\" width=\"150\" height=\"150\" src=\"https:\/\/www.seairlandshots.com\/wp-content\/uploads\/2020\/03\/G.Guglielmi_00013-150x150.jpg\" class=\"attachment-thumbnail size-thumbnail\" alt=\"\" \/><\/a>\n\t\t\t<\/div><\/figure><figure class='gallery-item'>\n\t\t\t<div class='gallery-icon landscape'>\n\t\t\t\t<a href='https:\/\/www.seairlandshots.com\/wp-content\/uploads\/2020\/03\/G.Guglielmi_00011.jpg'><img loading=\"lazy\" decoding=\"async\" width=\"150\" height=\"150\" src=\"https:\/\/www.seairlandshots.com\/wp-content\/uploads\/2020\/03\/G.Guglielmi_00011-150x150.jpg\" class=\"attachment-thumbnail size-thumbnail\" alt=\"\" \/><\/a>\n\t\t\t<\/div><\/figure><figure class='gallery-item'>\n\t\t\t<div class='gallery-icon landscape'>\n\t\t\t\t<a href='https:\/\/www.seairlandshots.com\/wp-content\/uploads\/2020\/03\/PALANTRANI-Sez.-Aerea-GdiF-Venezia-22.jpg'><img loading=\"lazy\" decoding=\"async\" width=\"150\" height=\"150\" src=\"https:\/\/www.seairlandshots.com\/wp-content\/uploads\/2020\/03\/PALANTRANI-Sez.-Aerea-GdiF-Venezia-22-150x150.jpg\" class=\"attachment-thumbnail size-thumbnail\" alt=\"\" \/><\/a>\n\t\t\t<\/div><\/figure><figure class='gallery-item'>\n\t\t\t<div class='gallery-icon landscape'>\n\t\t\t\t<a href='https:\/\/www.seairlandshots.com\/wp-content\/uploads\/2020\/03\/PALANTRANI-Sez.-Aerea-GdiF-Venezia-24.jpg'><img loading=\"lazy\" decoding=\"async\" width=\"150\" height=\"150\" src=\"https:\/\/www.seairlandshots.com\/wp-content\/uploads\/2020\/03\/PALANTRANI-Sez.-Aerea-GdiF-Venezia-24-150x150.jpg\" class=\"attachment-thumbnail size-thumbnail\" alt=\"\" \/><\/a>\n\t\t\t<\/div><\/figure><figure class='gallery-item'>\n\t\t\t<div class='gallery-icon landscape'>\n\t\t\t\t<a href='https:\/\/www.seairlandshots.com\/wp-content\/uploads\/2020\/03\/PALANTRANI-Sez.-Aerea-GdiF-Venezia-28.jpg'><img loading=\"lazy\" decoding=\"async\" width=\"150\" height=\"150\" src=\"https:\/\/www.seairlandshots.com\/wp-content\/uploads\/2020\/03\/PALANTRANI-Sez.-Aerea-GdiF-Venezia-28-150x150.jpg\" class=\"attachment-thumbnail size-thumbnail\" alt=\"\" \/><\/a>\n\t\t\t<\/div><\/figure>\n\t\t<\/div>\n\n<p>&nbsp;<\/p>\n<p><img loading=\"lazy\" decoding=\"async\" class=\"aligncenter size-full wp-image-3992\" src=\"https:\/\/www.seairlandshots.com\/wp-content\/uploads\/2020\/03\/unnamed.png\" alt=\"\" width=\"157\" height=\"200\" \/><\/p>\n<div class=\"box info  \"><div class=\"box-inner-block\"><i class=\"fa tie-shortcode-boxicon\"><\/i>\n\t\t\tLa redazione di Sea Air Land desidera ringraziare per l&#8217;opportunit\u00e0 il Comando Generale della Guardia di Finanza, il Capitano Enrico Gentile e tutte le donne e gli uomini della Sezione Aerea di Venezia per la collaborazione e l&#8217;ospitalit\u00e0 e la Rivista JP4 per la pubblicazione dell&#8217;articolo su carta stampata.\n\t\t\t<\/div><\/div>\n","protected":false},"excerpt":{"rendered":"<p>&nbsp; Inaugurata a Padova il 25 agosto del 1956, terza in ordine di creazione su quindici operative, quali Napoli-Capodichino, Palermo-Boccadifalco, Venezia-Tessera, Genova-Sanpierdarena, Pisa-San Giusto, Pescara, Pratica di Mare, Bolzano, Cagliari-Elmas, Bari-Palese, Rimini-Miramare, Lamezia-Terme, Catania-Fontanarossa, Taranto-Grottaglie, infine Venegono, la Sezione Aerea di Venezia della Guardia di Finanza, ha la propria sede all\u2019interno del sedime aeroportuale dell\u2019 &hellip;<\/p>\n","protected":false},"author":1,"featured_media":3960,"comment_status":"closed","ping_status":"closed","sticky":false,"template":"","format":"standard","meta":{"footnotes":""},"categories":[268,120],"tags":[63,151,56,275],"class_list":["post-3956","post","type-post","status-publish","format-standard","has-post-thumbnail","","category-guardia-di-finanza","category-reportages","tag-alessandro-palantrani","tag-guardia-di-finanza","tag-guglielmo-guglielmi","tag-venezia"],"_links":{"self":[{"href":"https:\/\/www.seairlandshots.com\/index.php\/wp-json\/wp\/v2\/posts\/3956","targetHints":{"allow":["GET"]}}],"collection":[{"href":"https:\/\/www.seairlandshots.com\/index.php\/wp-json\/wp\/v2\/posts"}],"about":[{"href":"https:\/\/www.seairlandshots.com\/index.php\/wp-json\/wp\/v2\/types\/post"}],"author":[{"embeddable":true,"href":"https:\/\/www.seairlandshots.com\/index.php\/wp-json\/wp\/v2\/users\/1"}],"replies":[{"embeddable":true,"href":"https:\/\/www.seairlandshots.com\/index.php\/wp-json\/wp\/v2\/comments?post=3956"}],"version-history":[{"count":11,"href":"https:\/\/www.seairlandshots.com\/index.php\/wp-json\/wp\/v2\/posts\/3956\/revisions"}],"predecessor-version":[{"id":4111,"href":"https:\/\/www.seairlandshots.com\/index.php\/wp-json\/wp\/v2\/posts\/3956\/revisions\/4111"}],"wp:featuredmedia":[{"embeddable":true,"href":"https:\/\/www.seairlandshots.com\/index.php\/wp-json\/wp\/v2\/media\/3960"}],"wp:attachment":[{"href":"https:\/\/www.seairlandshots.com\/index.php\/wp-json\/wp\/v2\/media?parent=3956"}],"wp:term":[{"taxonomy":"category","embeddable":true,"href":"https:\/\/www.seairlandshots.com\/index.php\/wp-json\/wp\/v2\/categories?post=3956"},{"taxonomy":"post_tag","embeddable":true,"href":"https:\/\/www.seairlandshots.com\/index.php\/wp-json\/wp\/v2\/tags?post=3956"}],"curies":[{"name":"wp","href":"https:\/\/api.w.org\/{rel}","templated":true}]}}