{"id":3057,"date":"2019-06-04T10:27:20","date_gmt":"2019-06-04T08:27:20","guid":{"rendered":"https:\/\/www.seairlandshots.com\/?p=3057"},"modified":"2019-06-04T10:27:20","modified_gmt":"2019-06-04T08:27:20","slug":"carabinieri-a-perugia-convegno-su-mafie-e-corruzione","status":"publish","type":"post","link":"https:\/\/www.seairlandshots.com\/index.php\/2019\/06\/04\/carabinieri-a-perugia-convegno-su-mafie-e-corruzione\/","title":{"rendered":"Carabinieri: a Perugia convegno su mafie e corruzione"},"content":{"rendered":"<p><img loading=\"lazy\" decoding=\"async\" class=\"aligncenter size-full wp-image-3058\" src=\"https:\/\/www.seairlandshots.com\/wp-content\/uploads\/2019\/06\/a91f6ce8-11f3-4151-9745-69e639d590bcCC_Convegno_mafie_.jpg\" alt=\"\" width=\"551\" height=\"367\" srcset=\"https:\/\/www.seairlandshots.com\/wp-content\/uploads\/2019\/06\/a91f6ce8-11f3-4151-9745-69e639d590bcCC_Convegno_mafie_.jpg 551w, https:\/\/www.seairlandshots.com\/wp-content\/uploads\/2019\/06\/a91f6ce8-11f3-4151-9745-69e639d590bcCC_Convegno_mafie_-300x200.jpg 300w, https:\/\/www.seairlandshots.com\/wp-content\/uploads\/2019\/06\/a91f6ce8-11f3-4151-9745-69e639d590bcCC_Convegno_mafie_-310x205.jpg 310w\" sizes=\"auto, (max-width: 551px) 100vw, 551px\" \/><\/p>\n<p><strong>Presso il Comando Legione Carabinieri Umbria si \u00e8 svolto il Convegno \u201cL\u2019Europa contro le mafie e la corruzione\u201d nell\u2019ambito delle manifestazioni per il 27\u00b0 anniversario delle stragi di Capaci e Via d\u2019Amelio.<\/strong><\/p>\n<p>In occasione degli eventi che sono stati organizzati in tutta Italia,\u00a0per il\u00a027\u00b0 anniversario delle tristemente note\u00a0<strong>stragi di Capaci<\/strong>\u00a0&#8211; nel quale morirono\u00a0<strong>Giovanni Falcone<\/strong>, sua moglie e parte della scorta &#8211; e\u00a0<strong>Via d&#8217;Amelio<\/strong>\u00a0\u2013 dove persero la vita il magistrato\u00a0<strong>Paolo Borsellino<\/strong>\u00a0e i cinque agenti di scorta \u2013 a Perugia, presso la sede del\u00a0<strong>Comando Legione Carabinieri Umbria<\/strong>\u00a0e alla presenza di numerosi studenti, si \u00e8 svolto il Convegno &#8220;L&#8217;Europa contro le mafie e la corruzione&#8221;. All&#8217;evento erano presenti diverse istituzioni e associazioni, impegnate quotidianamente nella\u00a0<strong>lotta per la legalit\u00e0<\/strong>. Tra le associazioni partecipanti al Convegno &#8220;L&#8217;Europa contro le mafie e la corruzione&#8221; anche:<\/p>\n<ul>\n<li><strong>Libera<\/strong>\u00a0\u2013 una rete di associazioni, scuole e gruppi che insieme si impegnano non solo alla lotta alla criminalit\u00e0 organizzata, ma anche alla corruzione sensibilizzando la societ\u00e0 verso la legalit\u00e0 e l&#8217;uguaglianza<\/li>\n<li><strong>L&#8217;Universit\u00e0 degli Studi di Perugia<\/strong><\/li>\n<li><strong>La Consulta Provinciale degli studenti<\/strong><\/li>\n<li><strong>Il Comune di Perugia<\/strong>.<\/li>\n<\/ul>\n<p>Durante l&#8217;evento che, ricordiamo, ha coinvolto anche tantissimi studenti, sono state presentate le diverse attivit\u00e0 svolte dalle scuole partecipanti al concorso nazionale bandito dal\u00a0<strong>MIUR<\/strong>\u00a0e dalla\u00a0<strong>Fondazione Falcone<\/strong>\u00a0di Palermo, nell&#8217;ambito della manifestazione\u00a0<strong>#PalermoChiamaItalia<\/strong>. Promossa dal 2002, questa manifestazione \u2013 per la quale collaborano attivamente anche l&#8217;<strong>Arma dei Carabinieri<\/strong>, oltre a Polizia di Stato e Guardia di Finanza &#8211; \u00a0ha visto coinvolti quest&#8217;anno pi\u00f9 di 70.000 studenti che hanno intrapreso un percorso fatto di tantissime attivit\u00e0 didattiche, con lo scopo ultimo di sensibilizzare i pi\u00f9 giovani alla\u00a0<strong>cultura e rispetto della legalit\u00e0<\/strong>. Tra concerti, dibattiti e proiezioni, in tutta Italia gli studenti si sono cimentati in una sorta di gara nazionale per dire ancora una volta &#8220;no&#8221; alle mafie<\/p>\n<div class=\"news__tagWrap\">\n<p class=\"news__tagTitle\">TAG:<\/p>\n<ul class=\"news__tag\">\n<li class=\"news__tagItem\"><a class=\"news__tagItemLink\" href=\"https:\/\/www.difesa.it\/Pagine\/elencoTag.aspx?TagId=8fb17d3a-7922-49a6-9c0e-0fb3db877266&amp;TagName=Carabinieri\">C<\/a><\/li>\n<\/ul>\n<\/div>\n","protected":false},"excerpt":{"rendered":"<p>Presso il Comando Legione Carabinieri Umbria si \u00e8 svolto il Convegno \u201cL\u2019Europa contro le mafie e la corruzione\u201d nell\u2019ambito delle manifestazioni per il 27\u00b0 anniversario delle stragi di Capaci e Via d\u2019Amelio. In occasione degli eventi che sono stati organizzati in tutta Italia,\u00a0per il\u00a027\u00b0 anniversario delle tristemente note\u00a0stragi di Capaci\u00a0&#8211; nel quale morirono\u00a0Giovanni Falcone, sua &hellip;<\/p>\n","protected":false},"author":1,"featured_media":3058,"comment_status":"closed","ping_status":"closed","sticky":false,"template":"","format":"standard","meta":{"footnotes":""},"categories":[224],"tags":[],"class_list":["post-3057","post","type-post","status-publish","format-standard","has-post-thumbnail","","category-carabinieri"],"_links":{"self":[{"href":"https:\/\/www.seairlandshots.com\/index.php\/wp-json\/wp\/v2\/posts\/3057","targetHints":{"allow":["GET"]}}],"collection":[{"href":"https:\/\/www.seairlandshots.com\/index.php\/wp-json\/wp\/v2\/posts"}],"about":[{"href":"https:\/\/www.seairlandshots.com\/index.php\/wp-json\/wp\/v2\/types\/post"}],"author":[{"embeddable":true,"href":"https:\/\/www.seairlandshots.com\/index.php\/wp-json\/wp\/v2\/users\/1"}],"replies":[{"embeddable":true,"href":"https:\/\/www.seairlandshots.com\/index.php\/wp-json\/wp\/v2\/comments?post=3057"}],"version-history":[{"count":1,"href":"https:\/\/www.seairlandshots.com\/index.php\/wp-json\/wp\/v2\/posts\/3057\/revisions"}],"predecessor-version":[{"id":3059,"href":"https:\/\/www.seairlandshots.com\/index.php\/wp-json\/wp\/v2\/posts\/3057\/revisions\/3059"}],"wp:featuredmedia":[{"embeddable":true,"href":"https:\/\/www.seairlandshots.com\/index.php\/wp-json\/wp\/v2\/media\/3058"}],"wp:attachment":[{"href":"https:\/\/www.seairlandshots.com\/index.php\/wp-json\/wp\/v2\/media?parent=3057"}],"wp:term":[{"taxonomy":"category","embeddable":true,"href":"https:\/\/www.seairlandshots.com\/index.php\/wp-json\/wp\/v2\/categories?post=3057"},{"taxonomy":"post_tag","embeddable":true,"href":"https:\/\/www.seairlandshots.com\/index.php\/wp-json\/wp\/v2\/tags?post=3057"}],"curies":[{"name":"wp","href":"https:\/\/api.w.org\/{rel}","templated":true}]}}